{"id":676411,"date":"2026-05-02T00:39:29","date_gmt":"2026-05-02T04:39:29","guid":{"rendered":"https:\/\/diariodominicano.com\/?p=676411"},"modified":"2026-05-02T00:39:34","modified_gmt":"2026-05-02T04:39:34","slug":"presidente-de-colombia-abogo-a-favor-de-una-asamblea-constituyente","status":"publish","type":"post","link":"https:\/\/diariodominicano.com\/?p=676411","title":{"rendered":"Presidente de Colombia abog\u00f3 a favor de una Asamblea Constituyente"},"content":{"rendered":"\n<p>Bogot\u00e1, 1 may (Prensa Latina) El presidente de Colombia, Gustavo Petro, expres\u00f3 hoy que una Asamblea Nacional Constituyente es el \u00fanico camino para garantizar los derechos b\u00e1sicos de la ciudadan\u00eda y enfrentar el flagelo de la corrupci\u00f3n.<\/p>\n\n\n\n<ul class=\"wp-block-list\">\n<li><a href=\"https:\/\/www.prensa-latina.cu\/2026\/05\/01\/\"><time>mayo 1, 2026 | 20:37<\/time><\/a><\/li>\n<\/ul>\n\n\n\n<ul class=\"wp-block-list\">\n<li><a href=\"https:\/\/www.prensa-latina.cu\/2026\/05\/01\/presidente-de-colombia-abogo-a-favor-de-una-asamblea-constituyente\/#\"><\/a><\/li>\n\n\n\n<li><a href=\"https:\/\/www.prensa-latina.cu\/2026\/05\/01\/presidente-de-colombia-abogo-a-favor-de-una-asamblea-constituyente\/#\"><\/a><\/li>\n\n\n\n<li><a href=\"https:\/\/www.prensa-latina.cu\/2026\/05\/01\/presidente-de-colombia-abogo-a-favor-de-una-asamblea-constituyente\/#\"><\/a><\/li>\n\n\n\n<li><a href=\"https:\/\/www.prensa-latina.cu\/2026\/05\/01\/presidente-de-colombia-abogo-a-favor-de-una-asamblea-constituyente\/#\"><\/a><\/li>\n<\/ul>\n\n\n\n<p>El mandatario lider\u00f3 la manifestaci\u00f3n que ocurri\u00f3 en la ciudad de Medell\u00edn, a prop\u00f3sito de conmemorarse el D\u00eda Internacional del Trabajo, y pronunci\u00f3 un discurso ante miles de personas reunidas en la Plaza de las Luces, en el centro de esa ciudad del noroeste.<\/p>\n\n\n\n<p>Como parte de su alocuci\u00f3n expuso que las actuales instituciones, entre las cuales se halla el poder legislativo, no son capaces de velar por el respeto de los derechos consagrados en la Constituci\u00f3n de 1991.<\/p>\n\n\n\n<p>\u201cPasar otros cuatro a\u00f1os bajo la extorsi\u00f3n politiquera de una mayor\u00eda del Congreso que no ha sabido cambiar sus costumbres de ser l\u00edderes pol\u00edticos y no extorsionistas de profesi\u00f3n, eso solo lo puede cambiar el pueblo de Colombia\u201d, afirm\u00f3.<\/p>\n\n\n\n<p>Tambi\u00e9n enfatiz\u00f3 en la necesidad de acabar con la corrupci\u00f3n que, seg\u00fan manifest\u00f3, se mantiene como un grave problema al que los mecanismos legales no dan soluci\u00f3n.<\/p>\n\n\n\n<p>\u201cLa corrupci\u00f3n no se acaba con leyes, tiene raz\u00f3n el pueblo, las he visto aprobar por montones; he colaborado con eso y la corrupci\u00f3n sigue, sigue por doquier\u201d, denunci\u00f3.<\/p>\n\n\n\n<p>Con el fin de erradicar esa problem\u00e1tica, y de fortalecer los derechos ciudadanos, propuso entonces la conformaci\u00f3n de una Asamblea Constituyente que permita establecer sanciones m\u00e1s severas y transformar las estructuras pol\u00edticas.<\/p>\n\n\n\n<p>Para ese fin, agreg\u00f3, es preciso recoger alrededor de de cinco millones de firmas, de las cuales al menos dos millones y medio deber\u00e1n ser v\u00e1lidas.<\/p>\n\n\n\n<p>Petro aclar\u00f3 que una eventual modificaci\u00f3n de la Constituci\u00f3n de 1991 no implica su transformaci\u00f3n total sino la incorporaci\u00f3n de cuestiones asociados a fortalecer el estado de derecho y al perfeccionamiento del sistema pol\u00edtico.<\/p>\n\n\n\n<p>A juicio del jefe de Estado, los cambios se centrar\u00edan, fundamentalmente, en el derecho a la salud sin intermediarios, el acceso a la educaci\u00f3n gratuita, la reforma del sistema electoral y el fortalecimiento de los derechos de comunidades campesinas e ind\u00edgenas.<\/p>\n\n\n\n<p>El actual modelo pol\u00edtico de Colombia, enfatiz\u00f3 el gobernante, requiere cambios estructurales para superar el clientelismo y la compra de votos, y la soluci\u00f3n para superar esas problem\u00e1ticas es la convocatoria a una Asamblea Constituyente.<\/p>\n\n\n\n<p>El presidente remarc\u00f3 adem\u00e1s los \u00e9xitos alcanzados durante su administraci\u00f3n, a la que le restan tres meses.<\/p>\n\n\n\n<p>Mencion\u00f3 entre estos la aplicaci\u00f3n de un salario m\u00ednimo vital, entendido como el ingreso indispensable para que el trabajador cubra sus necesidades b\u00e1sicas.<\/p>\n\n\n\n<p>\u201cEse es un derecho del pueblo de Colombia, y lo hicimos realidad como uno de los mejores logros del gobierno de la vida en el pa\u00eds de la belleza. La dignidad solo se consigue cuando una persona puede sentir que sus derechos empiezan a ser realizados en su vida personal. Dignidad es lo que traemos hoy\u201d, asever\u00f3.<\/p>\n\n\n\n<p>oda\/ifs<\/p>\n\n\n\n<ul class=\"wp-block-list\">\n<li>#<a href=\"https:\/\/www.prensa-latina.cu\/etiqueta\/colombia\/\">colombia<\/a>\u00a0#<a href=\"https:\/\/www.prensa-latina.cu\/etiqueta\/derechos\/\">derechos<\/a>\u00a0#<a href=\"https:\/\/www.prensa-latina.cu\/etiqueta\/petro\/\">petro<\/a><\/li>\n<\/ul>\n","protected":false},"excerpt":{"rendered":"<p>Bogot\u00e1, 1 may (Prensa Latina) El presidente de Colombia, Gustavo Petro, expres\u00f3 hoy que una Asamblea Nacional Constituyente es el \u00fanico camino para garantizar los derechos b\u00e1sicos de la ciudadan\u00eda y enfrentar el flagelo de la corrupci\u00f3n. El mandatario lider\u00f3 la manifestaci\u00f3n que ocurri\u00f3 en la ciudad de Medell\u00edn, a prop\u00f3sito de conmemorarse el D\u00eda [&hellip;]<\/p>\n","protected":false},"author":2,"featured_media":676412,"comment_status":"open","ping_status":"closed","sticky":false,"template":"","format":"standard","meta":{"footnotes":""},"categories":[23],"tags":[5831],"class_list":["post-676411","post","type-post","status-publish","format-standard","has-post-thumbnail","hentry","category-internacional","tag-gustavo-petro"],"_links":{"self":[{"href":"https:\/\/diariodominicano.com\/index.php?rest_route=\/wp\/v2\/posts\/676411","targetHints":{"allow":["GET"]}}],"collection":[{"href":"https:\/\/diariodominicano.com\/index.php?rest_route=\/wp\/v2\/posts"}],"about":[{"href":"https:\/\/diariodominicano.com\/index.php?rest_route=\/wp\/v2\/types\/post"}],"author":[{"embeddable":true,"href":"https:\/\/diariodominicano.com\/index.php?rest_route=\/wp\/v2\/users\/2"}],"replies":[{"embeddable":true,"href":"https:\/\/diariodominicano.com\/index.php?rest_route=%2Fwp%2Fv2%2Fcomments&post=676411"}],"version-history":[{"count":1,"href":"https:\/\/diariodominicano.com\/index.php?rest_route=\/wp\/v2\/posts\/676411\/revisions"}],"predecessor-version":[{"id":676413,"href":"https:\/\/diariodominicano.com\/index.php?rest_route=\/wp\/v2\/posts\/676411\/revisions\/676413"}],"wp:featuredmedia":[{"embeddable":true,"href":"https:\/\/diariodominicano.com\/index.php?rest_route=\/wp\/v2\/media\/676412"}],"wp:attachment":[{"href":"https:\/\/diariodominicano.com\/index.php?rest_route=%2Fwp%2Fv2%2Fmedia&parent=676411"}],"wp:term":[{"taxonomy":"category","embeddable":true,"href":"https:\/\/diariodominicano.com\/index.php?rest_route=%2Fwp%2Fv2%2Fcategories&post=676411"},{"taxonomy":"post_tag","embeddable":true,"href":"https:\/\/diariodominicano.com\/index.php?rest_route=%2Fwp%2Fv2%2Ftags&post=676411"}],"curies":[{"name":"wp","href":"https:\/\/api.w.org\/{rel}","templated":true}]}}