{"id":676408,"date":"2026-05-02T00:36:51","date_gmt":"2026-05-02T04:36:51","guid":{"rendered":"https:\/\/diariodominicano.com\/?p=676408"},"modified":"2026-05-02T00:36:57","modified_gmt":"2026-05-02T04:36:57","slug":"repudia-cuba-nuevas-sanciones-de-estados-unidos","status":"publish","type":"post","link":"https:\/\/diariodominicano.com\/?p=676408","title":{"rendered":"Repudia Cuba nuevas sanciones de Estados Unidos"},"content":{"rendered":"\n<p>La Habana, 1 may (Prensa Latina) El ministro de Relaciones Exteriores de Cuba, Bruno Rodr\u00edguez, rechaz\u00f3 hoy la nueva orden ejecutiva firmada por Donald Trump, que incrementa la hostilidad del Gobierno de Estados Unidos contra la isla.<\/p>\n\n\n\n<ul class=\"wp-block-list\">\n<li><a href=\"https:\/\/www.prensa-latina.cu\/2026\/05\/01\/\"><time>mayo 1, 2026 | 16:09<\/time><\/a><\/li>\n<\/ul>\n\n\n\n<ul class=\"wp-block-list\">\n<li><a href=\"https:\/\/www.prensa-latina.cu\/2026\/05\/01\/repudia-cuba-nuevas-sanciones-de-estados-unidos\/#\"><\/a><\/li>\n\n\n\n<li><a href=\"https:\/\/www.prensa-latina.cu\/2026\/05\/01\/repudia-cuba-nuevas-sanciones-de-estados-unidos\/#\"><\/a><\/li>\n\n\n\n<li><a href=\"https:\/\/www.prensa-latina.cu\/2026\/05\/01\/repudia-cuba-nuevas-sanciones-de-estados-unidos\/#\"><\/a><\/li>\n\n\n\n<li><a href=\"https:\/\/www.prensa-latina.cu\/2026\/05\/01\/repudia-cuba-nuevas-sanciones-de-estados-unidos\/#\"><\/a><\/li>\n<\/ul>\n\n\n\n<p>Por medio de un mensaje en X, Rodr\u00edguez calific\u00f3 de \u00abRepudiable pero curioso y rid\u00edculo\u00bb el aumento de las presiones econ\u00f3micas de la Casa Blanca sobre la naci\u00f3n antillana.<\/p>\n\n\n\n<p>\u00abEl gobierno de EEUU se alarma y responde con nuevas medidas coercitivas unilaterales ilegales y abusivas contra Cuba, al desfile de m\u00e1s de medio mill\u00f3n de cubanos en La Habana por el 1 de Mayo, encabezado por el General de Ej\u00e9rcito Ra\u00fal Castro y el Presidente Miguel D\u00edaz-Canel\u00bb, manifest\u00f3 el jefe de la diplomacia cubana.<\/p>\n\n\n\n<p>Para el Canciller, se trata tambi\u00e9n de una reacci\u00f3n de Washington a \u00abla firma de 6 millones de cubanas y cubanos (81 por ciento de la poblaci\u00f3n mayor de 16 a\u00f1os) en defensa de la Patria amenazada militarmente, en denuncia del bloqueo recrudecido y del cerco energ\u00e9tico\u00bb.<\/p>\n\n\n\n<p>\u00abLa Patria, la Revoluci\u00f3n y el Socialismo se defienden con las ideas y con las armas\u00bb, a\u00f1adi\u00f3.<\/p>\n\n\n\n<p>\u00abNo van a amedrentarnos\u00bb, sentenci\u00f3 junto al hashtag \u00ab#LaPatriaSeDefiende\u00bb.<\/p>\n\n\n\n<p>Este viernes, Trump emiti\u00f3 nuevas sanciones econ\u00f3micas contra civiles, funcionarios y empresas de Cuba, que comprenden penalizaciones para gobiernos, entidades y organizaciones que realicen transacciones con representantes gubernamentales del pa\u00eds caribe\u00f1o.<\/p>\n\n\n\n<p>lam\/raj<\/p>\n\n\n\n<ul class=\"wp-block-list\">\n<li>#<a href=\"https:\/\/www.prensa-latina.cu\/etiqueta\/cuba\/\">cuba<\/a>\u00a0#<a href=\"https:\/\/www.prensa-latina.cu\/etiqueta\/estadosunidos\/\">EstadosUNidos<\/a>\u00a0#<a href=\"https:\/\/www.prensa-latina.cu\/etiqueta\/sanciones\/\">sanciones<\/a><\/li>\n<\/ul>\n","protected":false},"excerpt":{"rendered":"<p>La Habana, 1 may (Prensa Latina) El ministro de Relaciones Exteriores de Cuba, Bruno Rodr\u00edguez, rechaz\u00f3 hoy la nueva orden ejecutiva firmada por Donald Trump, que incrementa la hostilidad del Gobierno de Estados Unidos contra la isla. Por medio de un mensaje en X, Rodr\u00edguez calific\u00f3 de \u00abRepudiable pero curioso y rid\u00edculo\u00bb el aumento de [&hellip;]<\/p>\n","protected":false},"author":2,"featured_media":676409,"comment_status":"open","ping_status":"closed","sticky":false,"template":"","format":"standard","meta":{"footnotes":""},"categories":[26,23],"tags":[3496,5830],"class_list":["post-676408","post","type-post","status-publish","format-standard","has-post-thumbnail","hentry","category-efemerides","category-internacional","tag-estados-unidos","tag-repudia-cuba"],"_links":{"self":[{"href":"https:\/\/diariodominicano.com\/index.php?rest_route=\/wp\/v2\/posts\/676408","targetHints":{"allow":["GET"]}}],"collection":[{"href":"https:\/\/diariodominicano.com\/index.php?rest_route=\/wp\/v2\/posts"}],"about":[{"href":"https:\/\/diariodominicano.com\/index.php?rest_route=\/wp\/v2\/types\/post"}],"author":[{"embeddable":true,"href":"https:\/\/diariodominicano.com\/index.php?rest_route=\/wp\/v2\/users\/2"}],"replies":[{"embeddable":true,"href":"https:\/\/diariodominicano.com\/index.php?rest_route=%2Fwp%2Fv2%2Fcomments&post=676408"}],"version-history":[{"count":1,"href":"https:\/\/diariodominicano.com\/index.php?rest_route=\/wp\/v2\/posts\/676408\/revisions"}],"predecessor-version":[{"id":676410,"href":"https:\/\/diariodominicano.com\/index.php?rest_route=\/wp\/v2\/posts\/676408\/revisions\/676410"}],"wp:featuredmedia":[{"embeddable":true,"href":"https:\/\/diariodominicano.com\/index.php?rest_route=\/wp\/v2\/media\/676409"}],"wp:attachment":[{"href":"https:\/\/diariodominicano.com\/index.php?rest_route=%2Fwp%2Fv2%2Fmedia&parent=676408"}],"wp:term":[{"taxonomy":"category","embeddable":true,"href":"https:\/\/diariodominicano.com\/index.php?rest_route=%2Fwp%2Fv2%2Fcategories&post=676408"},{"taxonomy":"post_tag","embeddable":true,"href":"https:\/\/diariodominicano.com\/index.php?rest_route=%2Fwp%2Fv2%2Ftags&post=676408"}],"curies":[{"name":"wp","href":"https:\/\/api.w.org\/{rel}","templated":true}]}}