{"id":676406,"date":"2026-05-02T00:32:51","date_gmt":"2026-05-02T04:32:51","guid":{"rendered":"https:\/\/diariodominicano.com\/?p=676406"},"modified":"2026-05-02T00:32:54","modified_gmt":"2026-05-02T04:32:54","slug":"en-congreso-fifa-fdf-recibio-bronce-de-los-fifa-forward-awards-2026-gracias-a-su-proyecto-de-renovacion-del-car","status":"publish","type":"post","link":"https:\/\/diariodominicano.com\/?p=676406","title":{"rendered":"En Congreso FIFA: FDF recibi\u00f3 bronce de los FIFA Forward Awards 2026 gracias a su proyecto de Renovaci\u00f3n del CAR"},"content":{"rendered":"\n<p>Gianni Infantino -presidente de la FIFA- hizo entrega del reconocimiento a las autoridades de la FDF encabezadas por Jos\u00e9 Francisco Deschamps -presidente-, Yelena Hazim Figuereo -secretaria general- y Manuel Estrella -presidente de la Comisi\u00f3n de Selecciones de la FDF y miembro de las comisiones permanentes de la FIFA-.<\/p>\n\n\n\n<p>SANTO DOMINGO.- La Federaci\u00f3n Internacional de F\u00fatbol Asociaci\u00f3n -FIFA- entreg\u00f3 de manera formal el galard\u00f3n a la Federaci\u00f3n Dominicana de F\u00fatbol -FDF- por el tercer lugar obtenido en los FIFA Forward Awards 2026 \u2013 Edici\u00f3n Am\u00e9ricas. La entrega se llev\u00f3 a cabo en el marco del 76.\u00ba&nbsp;Congreso de la FIFA celebrado en Vancouver \u2013 Canad\u00e1 este jueves 30 de abril de 2026.<\/p>\n\n\n\n<p>Gianni Infantino -presidente de la FIFA- hizo entrega del reconocimiento a las autoridades de la FDF encabezadas por Jos\u00e9 Francisco Deschamps -presidente-, Yelena Hazim Figuereo -secretaria general- y Manuel Estrella -presidente de la Comisi\u00f3n de Selecciones de la FDF y miembro de las comisiones permanentes de la FIFA-.<\/p>\n\n\n\n<p>En el Congreso de la FIFA 2026 participaron las 211 federaciones miembro (FM), magna cita que sirvi\u00f3 para aprobar el Reporte Anual de la FIFA 2025, anunciar que el Programa FIFA Forward alcanzar\u00e1 nuevas cuotas, as\u00ed como para que el presidente de la FIFA, Gianni Infantino, diera las gracias a todas las FM por su apoyo y avances en los \u00faltimos diez a\u00f1os.<\/p>\n\n\n\n<p>Esta es la primera edici\u00f3n de una iniciativa cuyo objetivo es reconocer y homenajear los proyectos de infraestructura futbol\u00edstica m\u00e1s destacados que fueron llevados a cabo por las federaciones miembro en las Am\u00e9ricas con el apoyo del Programa de Desarrollo Forward de la FIFA.<\/p>\n\n\n\n<p>El proyecto de la Federaci\u00f3n Dominicana de F\u00fatbol que consisti\u00f3 en la Renovaci\u00f3n del Centro de Alto Rendimiento FDF se qued\u00f3 con el bronce de estos premios, detr\u00e1s Paraguay -Centro de Alto Rendimiento de las Divisiones Formativas- y Chile -Renovaci\u00f3n del Centro de Alto Rendimiento Jos\u00e9 Sulantay-.<\/p>\n\n\n\n<p>Cabe destacar que el proyecto de la FDF fue el \u00fanico de una asociaci\u00f3n representante de la Concacaf en integrar el podio de honor.<\/p>\n\n\n\n<p>Los dos primeros lugares fueron alcanzados por federaciones de la zona Conmebol, quienes adem\u00e1s de contar con el respaldo econ\u00f3mico del Programa FIFA Forward gozan del beneficio de que tambi\u00e9n les otorga su confederaci\u00f3n, lo que potencia y realza el valor del proyecto ejecutado por el Departamento de Infraestructura de la FDF bajo la direcci\u00f3n de la arquitecta Mar\u00eda Moscoso.<\/p>\n\n\n\n<p>Entre otros galardones aparecen Campo de F\u00fatbol M\u00e1s Destacado: M\u00e9xico -Construcci\u00f3n de Cancha H\u00edbrida en el Centro de Alto Rendimiento-, Innovaci\u00f3n: Argentina -Centro de Tecnolog\u00eda y Desarrollo Arbitral-, Sostenible, Accesible e Inclusivo: Costa Rica -Instalaci\u00f3n de Paneles El\u00e9ctricos y Cambio de Luminarias en el CAR- y Mayor Impacto: Anguila -Campo de C\u00e9sped Artificial en el Centro T\u00e9cnico de la AFA-.<\/p>\n\n\n\n<p>Los premios FIFA Forward Awards se han creado para enaltecer los logros alcanzados por las federaciones miembro de todo el continente americano, que demuestran su compromiso con el desarrollo del f\u00fatbol mediante la ejecuci\u00f3n de proyectos de infraestructura de gran repercusi\u00f3n e impacto. Aparte de otorgar el reconocimiento que merecen los proyectos premiados, esta iniciativa tambi\u00e9n pretende promover las buenas pr\u00e1cticas y fomentar el intercambio de conocimientos entre la comunidad del f\u00fatbol a nivel regional y mundial.<\/p>\n\n\n\n<p><strong>Johnny Nieto<\/strong><\/p>\n\n\n\n<p><strong>Departamento de Comunicaciones F.D.F.<\/strong><\/p>\n","protected":false},"excerpt":{"rendered":"<p>Gianni Infantino -presidente de la FIFA- hizo entrega del reconocimiento a las autoridades de la FDF encabezadas por Jos\u00e9 Francisco Deschamps -presidente-, Yelena Hazim Figuereo -secretaria general- y Manuel Estrella -presidente de la Comisi\u00f3n de Selecciones de la FDF y miembro de las comisiones permanentes de la FIFA-. SANTO DOMINGO.- La Federaci\u00f3n Internacional de F\u00fatbol [&hellip;]<\/p>\n","protected":false},"author":2,"featured_media":0,"comment_status":"open","ping_status":"closed","sticky":false,"template":"","format":"standard","meta":{"footnotes":""},"categories":[17],"tags":[],"class_list":["post-676406","post","type-post","status-publish","format-standard","hentry","category-deportes"],"_links":{"self":[{"href":"https:\/\/diariodominicano.com\/index.php?rest_route=\/wp\/v2\/posts\/676406","targetHints":{"allow":["GET"]}}],"collection":[{"href":"https:\/\/diariodominicano.com\/index.php?rest_route=\/wp\/v2\/posts"}],"about":[{"href":"https:\/\/diariodominicano.com\/index.php?rest_route=\/wp\/v2\/types\/post"}],"author":[{"embeddable":true,"href":"https:\/\/diariodominicano.com\/index.php?rest_route=\/wp\/v2\/users\/2"}],"replies":[{"embeddable":true,"href":"https:\/\/diariodominicano.com\/index.php?rest_route=%2Fwp%2Fv2%2Fcomments&post=676406"}],"version-history":[{"count":1,"href":"https:\/\/diariodominicano.com\/index.php?rest_route=\/wp\/v2\/posts\/676406\/revisions"}],"predecessor-version":[{"id":676407,"href":"https:\/\/diariodominicano.com\/index.php?rest_route=\/wp\/v2\/posts\/676406\/revisions\/676407"}],"wp:attachment":[{"href":"https:\/\/diariodominicano.com\/index.php?rest_route=%2Fwp%2Fv2%2Fmedia&parent=676406"}],"wp:term":[{"taxonomy":"category","embeddable":true,"href":"https:\/\/diariodominicano.com\/index.php?rest_route=%2Fwp%2Fv2%2Fcategories&post=676406"},{"taxonomy":"post_tag","embeddable":true,"href":"https:\/\/diariodominicano.com\/index.php?rest_route=%2Fwp%2Fv2%2Ftags&post=676406"}],"curies":[{"name":"wp","href":"https:\/\/api.w.org\/{rel}","templated":true}]}}