{"id":676383,"date":"2026-05-02T01:30:50","date_gmt":"2026-05-02T05:30:50","guid":{"rendered":"https:\/\/diariodominicano.com\/?p=676383"},"modified":"2026-05-02T01:33:41","modified_gmt":"2026-05-02T05:33:41","slug":"mp-solicita-prision-preventiva-para-hombre-que-agredio-a-su-expareja-sentimental-en-mao","status":"publish","type":"post","link":"https:\/\/diariodominicano.com\/?p=676383","title":{"rendered":"MP solicita prisi\u00f3n preventiva para hombre que agredi\u00f3 a su expareja sentimental en Mao"},"content":{"rendered":"\n<p><strong>SANTO DOMINGO (Rep\u00fablica Dominicana).-<\/strong>&nbsp;El Ministerio P\u00fablico, a trav\u00e9s de Unidad de Violencia de G\u00e9nero, Intrafamiliar y Delitos Sexuales, solicit\u00f3 la imposici\u00f3n de prisi\u00f3n preventiva, como medida de coerci\u00f3n, en contra de un hombre que agredi\u00f3 a su expareja sentimental, en un hecho registrado el pasado 18 de marzo, en el municipio Mao, provincia Valverde.<\/p>\n\n\n\n<p>La solicitud de medida de coerci\u00f3n fue depositada ante el Juzgado de la Instrucci\u00f3n del Distrito Judicial de Valverde, en contra de Franyi Domingo Rodriguez, a quien el Ministerio P\u00fablico imputa provisionalmente por cometer violencia intrafamiliar agravada y amenazas graves, en violaci\u00f3n de los art\u00edculos 309-1, 309-2 \u0443 309-3 literal E, del C\u00f3digo Penal Dominicano, en perjuicio de la v\u00edctima.<\/p>\n\n\n\n<p>En el expediente, depositado por el procurador fiscal Lucrecio Taveras, adscrito a la Unidad de Violencia de G\u00e9nero, Intrafamiliar y Delitos Sexuales de Valverde, el Ministerio P\u00fablico se\u00f1ala que Rodr\u00edguez actu\u00f3 de manera voluntaria y consciente en contra de su expareja sentimental.<\/p>\n\n\n\n<p>El documento explica que la noche del pasado 18 marzo, momentos en los que la v\u00edctima se encontraba en una estaci\u00f3n de expendio de combustibles en el municipio Mao, Rodr\u00edguez se present\u00f3 al lugar y, sin mediar palabras, comenz\u00f3 a agredir f\u00edsicamente a la v\u00edctima d\u00e1ndole golpes por varias partes del cuerpo, agresiones que fueron captadas en video.<\/p>\n\n\n\n<p>Tras esta agresi\u00f3n, la tarde del 26 de abril del presente a\u00f1o, el imputado se present\u00f3 a la casa de la v\u00edctima, a quien despoj\u00f3 de su celular y lo destruy\u00f3, march\u00e1ndose de la vivienda luego de haber cometido dicho hecho.<\/p>\n\n\n\n<p>Ante esta \u00faltima acci\u00f3n, la v\u00edctima se present\u00f3 al destacamento de la Polic\u00eda Nacional en Mao, a colocar la denuncia, donde minutos despu\u00e9s, tras seguirla, lleg\u00f3 Rodr\u00edguez, siendo detenido en flagrante delito.<\/p>\n\n\n\n<p><strong>Direcci\u00f3n General de Comunicaci\u00f3n, Prensa, y RRPP<\/strong><\/p>\n\n\n\n<p>Ministerio P\u00fablico.&nbsp;R.D.<\/p>\n\n\n\n<p>Comunicaciones PGR <a href=\"mailto:comunicaciones@pgr.gob.do\">comunicaciones@pgr.gob.do<\/a><\/p>\n","protected":false},"excerpt":{"rendered":"<p>SANTO DOMINGO (Rep\u00fablica Dominicana).-&nbsp;El Ministerio P\u00fablico, a trav\u00e9s de Unidad de Violencia de G\u00e9nero, Intrafamiliar y Delitos Sexuales, solicit\u00f3 la imposici\u00f3n de prisi\u00f3n preventiva, como medida de coerci\u00f3n, en contra de un hombre que agredi\u00f3 a su expareja sentimental, en un hecho registrado el pasado 18 de marzo, en el municipio Mao, provincia Valverde. La [&hellip;]<\/p>\n","protected":false},"author":7,"featured_media":495896,"comment_status":"closed","ping_status":"closed","sticky":false,"template":"","format":"standard","meta":{"footnotes":""},"categories":[24],"tags":[4777,171],"class_list":["post-676383","post","type-post","status-publish","format-standard","has-post-thumbnail","hentry","category-justicia-y-derecho","tag-mao","tag-ministerio-publico"],"_links":{"self":[{"href":"https:\/\/diariodominicano.com\/index.php?rest_route=\/wp\/v2\/posts\/676383","targetHints":{"allow":["GET"]}}],"collection":[{"href":"https:\/\/diariodominicano.com\/index.php?rest_route=\/wp\/v2\/posts"}],"about":[{"href":"https:\/\/diariodominicano.com\/index.php?rest_route=\/wp\/v2\/types\/post"}],"author":[{"embeddable":true,"href":"https:\/\/diariodominicano.com\/index.php?rest_route=\/wp\/v2\/users\/7"}],"replies":[{"embeddable":true,"href":"https:\/\/diariodominicano.com\/index.php?rest_route=%2Fwp%2Fv2%2Fcomments&post=676383"}],"version-history":[{"count":1,"href":"https:\/\/diariodominicano.com\/index.php?rest_route=\/wp\/v2\/posts\/676383\/revisions"}],"predecessor-version":[{"id":676447,"href":"https:\/\/diariodominicano.com\/index.php?rest_route=\/wp\/v2\/posts\/676383\/revisions\/676447"}],"wp:featuredmedia":[{"embeddable":true,"href":"https:\/\/diariodominicano.com\/index.php?rest_route=\/wp\/v2\/media\/495896"}],"wp:attachment":[{"href":"https:\/\/diariodominicano.com\/index.php?rest_route=%2Fwp%2Fv2%2Fmedia&parent=676383"}],"wp:term":[{"taxonomy":"category","embeddable":true,"href":"https:\/\/diariodominicano.com\/index.php?rest_route=%2Fwp%2Fv2%2Fcategories&post=676383"},{"taxonomy":"post_tag","embeddable":true,"href":"https:\/\/diariodominicano.com\/index.php?rest_route=%2Fwp%2Fv2%2Ftags&post=676383"}],"curies":[{"name":"wp","href":"https:\/\/api.w.org\/{rel}","templated":true}]}}