{"id":676381,"date":"2026-05-02T00:56:40","date_gmt":"2026-05-02T04:56:40","guid":{"rendered":"https:\/\/diariodominicano.com\/?p=676381"},"modified":"2026-05-02T00:57:42","modified_gmt":"2026-05-02T04:57:42","slug":"agenda-de-leonel-fernandez-encabezara-actividades-este-sabado-y-domingo-en-barahona","status":"publish","type":"post","link":"https:\/\/diariodominicano.com\/?p=676381","title":{"rendered":"Agenda de Leonel Fern\u00e1ndez encabezar\u00e1 actividades este s\u00e1bado y domingo en Barahona"},"content":{"rendered":"\n<p>El l\u00edder pol\u00edtico desarrollar\u00e1 visitas, encuentros con comunicadores y encabezar\u00e1 el acto principal de juramentaci\u00f3n este domingo en horas de la ma\u00f1ana.<\/p>\n\n\n\n<p>Santo Domingo.\u2013 El presidente del partido Fuerza del Pueblo (FP), Leonel Fern\u00e1ndez, encabezar\u00e1 este s\u00e1bado 2 y domingo 3 de mayo una agenda de actividades en la provincia de Barahona, como parte de la jornada de contacto y juramentaci\u00f3n que desarrolla la organizaci\u00f3n pol\u00edtica a nivel nacional.<\/p>\n\n\n\n<p>Durante su estancia en la provincia, Fern\u00e1ndez realizar\u00e1 diversas visitas y sostendr\u00e1 encuentros con distintos sectores, incluyendo comunicadores, dirigentes locales y actores representativos de la vida social y productiva de Barahona.<\/p>\n\n\n\n<p>La agenda incluye reuniones con l\u00edderes religiosos y encuentros con sectores sociales y productivos, en el marco del contacto directo que promueve la organizaci\u00f3n en todo el territorio nacional.<\/p>\n\n\n\n<p>Entre las actividades previstas para el s\u00e1bado 2 de mayo se contemplan recorridos por distintos puntos de la provincia, encuentros con representantes comunitarios y reuniones con sectores organizados, como parte del fortalecimiento de la estructura partidaria en la regi\u00f3n.<\/p>\n\n\n\n<p>Para el domingo 3, el exmandatario sostendr\u00e1 un encuentro con la prensa en horas de la ma\u00f1ana, previo al acto central de la jornada.<\/p>\n\n\n\n<p>El acto principal ser\u00e1 la juramentaci\u00f3n de nuevos miembros de la Fuerza del Pueblo en la provincia de Barahona, pautado para las 1030 de la ma\u00f1ana, en el Palacio de los Deportes de Santa Cruz de Barahona.<\/p>\n\n\n\n<p>Estas actividades forman parte de la agenda nacional de crecimiento y consolidaci\u00f3n que impulsa la Fuerza del Pueblo, orientada a fortalecer sus estructuras y ampliar su base de apoyo en todo el pa\u00eds.<\/p>\n\n\n\n<p>Secretar\u00eda de Comunicaciones<br>Fuerza del Pueblo<\/p>\n","protected":false},"excerpt":{"rendered":"<p>El l\u00edder pol\u00edtico desarrollar\u00e1 visitas, encuentros con comunicadores y encabezar\u00e1 el acto principal de juramentaci\u00f3n este domingo en horas de la ma\u00f1ana. Santo Domingo.\u2013 El presidente del partido Fuerza del Pueblo (FP), Leonel Fern\u00e1ndez, encabezar\u00e1 este s\u00e1bado 2 y domingo 3 de mayo una agenda de actividades en la provincia de Barahona, como parte de [&hellip;]<\/p>\n","protected":false},"author":7,"featured_media":676420,"comment_status":"closed","ping_status":"closed","sticky":false,"template":"","format":"standard","meta":{"footnotes":""},"categories":[20,22,27],"tags":[162,764,131],"class_list":["post-676381","post","type-post","status-publish","format-standard","has-post-thumbnail","hentry","category-dominicana-hoy","category-politica","category-portada","tag-barahona","tag-fuerza-del-pueblo-fp","tag-leonel-fernandez"],"_links":{"self":[{"href":"https:\/\/diariodominicano.com\/index.php?rest_route=\/wp\/v2\/posts\/676381","targetHints":{"allow":["GET"]}}],"collection":[{"href":"https:\/\/diariodominicano.com\/index.php?rest_route=\/wp\/v2\/posts"}],"about":[{"href":"https:\/\/diariodominicano.com\/index.php?rest_route=\/wp\/v2\/types\/post"}],"author":[{"embeddable":true,"href":"https:\/\/diariodominicano.com\/index.php?rest_route=\/wp\/v2\/users\/7"}],"replies":[{"embeddable":true,"href":"https:\/\/diariodominicano.com\/index.php?rest_route=%2Fwp%2Fv2%2Fcomments&post=676381"}],"version-history":[{"count":2,"href":"https:\/\/diariodominicano.com\/index.php?rest_route=\/wp\/v2\/posts\/676381\/revisions"}],"predecessor-version":[{"id":676424,"href":"https:\/\/diariodominicano.com\/index.php?rest_route=\/wp\/v2\/posts\/676381\/revisions\/676424"}],"wp:featuredmedia":[{"embeddable":true,"href":"https:\/\/diariodominicano.com\/index.php?rest_route=\/wp\/v2\/media\/676420"}],"wp:attachment":[{"href":"https:\/\/diariodominicano.com\/index.php?rest_route=%2Fwp%2Fv2%2Fmedia&parent=676381"}],"wp:term":[{"taxonomy":"category","embeddable":true,"href":"https:\/\/diariodominicano.com\/index.php?rest_route=%2Fwp%2Fv2%2Fcategories&post=676381"},{"taxonomy":"post_tag","embeddable":true,"href":"https:\/\/diariodominicano.com\/index.php?rest_route=%2Fwp%2Fv2%2Ftags&post=676381"}],"curies":[{"name":"wp","href":"https:\/\/api.w.org\/{rel}","templated":true}]}}