{"id":676380,"date":"2026-05-01T22:49:12","date_gmt":"2026-05-02T02:49:12","guid":{"rendered":"https:\/\/diariodominicano.com\/?p=676380"},"modified":"2026-05-01T22:49:16","modified_gmt":"2026-05-02T02:49:16","slug":"apordom-y-comision-portuaria-de-guatemala-firman-acuerdo-para-fortalecer-la-cooperacion-portuaria-2","status":"publish","type":"post","link":"https:\/\/diariodominicano.com\/?p=676380","title":{"rendered":"APORDOM y Comisi\u00f3n Portuaria de Guatemala firman acuerdo para fortalecer la cooperaci\u00f3n portuaria"},"content":{"rendered":"\n<p><strong>Santo Domingo, Rep<\/strong><strong>\u00fa<\/strong><strong>blica Dominicana.&nbsp;<\/strong><strong>\u2013 La Autoridad Portuaria Dominicana (APORDOM) y la Comisi\u00f3<\/strong><strong>n Portuaria Nacional de la Rep<\/strong><strong>\u00fablica de Guatemala suscribieron un Memorando de Entendimiento con el objetivo de fortalecer la cooperaci\u00f3n bilateral, impulsando el desarrollo sostenible, la modernizaci\u00f3n y la eficiencia de sus sistemas portuarios.<\/strong><\/p>\n\n\n\n<p><strong>El acto protocolar se llev\u00f3 a cabo en el Sal\u00f3n Verde del Ministerio de Relaciones Exteriores, encabezado por el director ejecutivo de la Autoridad Portuaria Dominicana, Jean Luis Rodr\u00edguez, y el director general de la Comisi\u00f3<\/strong><strong>n Portuaria Nacional de la Rep<\/strong><strong>\u00fablica de Guatemala, Leonel Alberto Molina Cabrera, quienes reafirmaron el compromiso de ambas instituciones con la innovaci\u00f3n, la sostenibilidad y el fortalecimiento de la integraci\u00f3<\/strong><strong>n portuaria regional<\/strong><strong>.<\/strong><\/p>\n\n\n\n<figure class=\"wp-block-gallery has-nested-images columns-default is-cropped wp-block-gallery-1 is-layout-flex wp-block-gallery-is-layout-flex\">\n<figure class=\"wp-block-image size-large\"><img loading=\"lazy\" decoding=\"async\" width=\"1024\" height=\"731\" data-id=\"676389\" src=\"https:\/\/diariodominicano.com\/wp-content\/uploads\/2026\/05\/APORDOM-y-Comision-Portuaria-Guatemala-firman-acuerdo-para-fortalecer-la-cooperacion-portuaria-1024x731.jpg\" alt=\"\" class=\"wp-image-676389\" srcset=\"https:\/\/diariodominicano.com\/wp-content\/uploads\/2026\/05\/APORDOM-y-Comision-Portuaria-Guatemala-firman-acuerdo-para-fortalecer-la-cooperacion-portuaria-1024x731.jpg 1024w, https:\/\/diariodominicano.com\/wp-content\/uploads\/2026\/05\/APORDOM-y-Comision-Portuaria-Guatemala-firman-acuerdo-para-fortalecer-la-cooperacion-portuaria-300x214.jpg 300w, https:\/\/diariodominicano.com\/wp-content\/uploads\/2026\/05\/APORDOM-y-Comision-Portuaria-Guatemala-firman-acuerdo-para-fortalecer-la-cooperacion-portuaria-768x548.jpg 768w, https:\/\/diariodominicano.com\/wp-content\/uploads\/2026\/05\/APORDOM-y-Comision-Portuaria-Guatemala-firman-acuerdo-para-fortalecer-la-cooperacion-portuaria-816x583.jpg 816w, https:\/\/diariodominicano.com\/wp-content\/uploads\/2026\/05\/APORDOM-y-Comision-Portuaria-Guatemala-firman-acuerdo-para-fortalecer-la-cooperacion-portuaria.jpg 1200w\" sizes=\"auto, (max-width: 1024px) 100vw, 1024px\" \/><\/figure>\n<\/figure>\n\n\n\n<p><strong>Al ofrecer las palabras centrales del acto, Jean Luis Rodr\u00edguez expres\u00f3: \u00a8Nadie moderniza puertos sin aprender de la experiencia ajena, ni fortalece su sistema portuario si lo hace en aislamiento. Esa cooperaci\u00f3n es la que consolida la seguridad, la competitividad y el desarrollo para nuestras sociedades.\u201d \u00a0<\/strong><\/p>\n\n\n\n<figure class=\"wp-block-gallery has-nested-images columns-default is-cropped wp-block-gallery-2 is-layout-flex wp-block-gallery-is-layout-flex\">\n<figure class=\"wp-block-image size-large\"><img loading=\"lazy\" decoding=\"async\" width=\"1024\" height=\"660\" data-id=\"676388\" src=\"https:\/\/diariodominicano.com\/wp-content\/uploads\/2026\/05\/APORDOM-y-Comision-Portuaria-de-Guatemala-firman-acuerdo-para-fortalecer-cooperacion-portuaria-1024x660.jpg\" alt=\"\" class=\"wp-image-676388\" srcset=\"https:\/\/diariodominicano.com\/wp-content\/uploads\/2026\/05\/APORDOM-y-Comision-Portuaria-de-Guatemala-firman-acuerdo-para-fortalecer-cooperacion-portuaria-1024x660.jpg 1024w, https:\/\/diariodominicano.com\/wp-content\/uploads\/2026\/05\/APORDOM-y-Comision-Portuaria-de-Guatemala-firman-acuerdo-para-fortalecer-cooperacion-portuaria-300x194.jpg 300w, https:\/\/diariodominicano.com\/wp-content\/uploads\/2026\/05\/APORDOM-y-Comision-Portuaria-de-Guatemala-firman-acuerdo-para-fortalecer-cooperacion-portuaria-768x495.jpg 768w, https:\/\/diariodominicano.com\/wp-content\/uploads\/2026\/05\/APORDOM-y-Comision-Portuaria-de-Guatemala-firman-acuerdo-para-fortalecer-cooperacion-portuaria-816x526.jpg 816w, https:\/\/diariodominicano.com\/wp-content\/uploads\/2026\/05\/APORDOM-y-Comision-Portuaria-de-Guatemala-firman-acuerdo-para-fortalecer-cooperacion-portuaria.jpg 1200w\" sizes=\"auto, (max-width: 1024px) 100vw, 1024px\" \/><\/figure>\n<\/figure>\n\n\n\n<p><strong>En tanto, Leonel Molina Cabrera expres\u00f3: \u00a8Todo lo que ustedes han compartido con nosotros lo hemos trasladado a la realidad. Hemos adoptado esa experiencia como parte de nuestro modelo, entendiendo la log\u00edstica que han desarrollado, la forma en que han articulado la multimodalidad y c\u00f3mo han impulsado procesos de transformaci\u00f3n digital que hoy los posicionan como un referente en el Caribe.\u201d<\/strong><\/p>\n\n\n\n<p><strong>La firma de este importante acuerdo se realiz\u00f3 en el marco de la misi\u00f3n t<\/strong><strong>\u00e9<\/strong><strong>cnica que vis<\/strong><strong>ita el pa\u00eds desde el pasado&nbsp; 27 de abril y hasta el 1 de mayo, como parte de una agenda de trabajo que incluy\u00f3&nbsp;<\/strong><strong>visitas t<\/strong><strong>\u00e9<\/strong><strong>cnicas al Puerto R\u00edo Haina, la sede de la Autoridad Portuaria Dominicana (APORDOM) y al Puerto Caucedo.&nbsp;<\/strong><\/p>\n\n\n\n<p><strong>\u201c<\/strong><strong>Los puertos conectan mercanc\u00edas, pero, sobre todo, conectan oportunidades. Si trabajamos juntos, con profesionalismo,&nbsp;<\/strong><strong>\u00e9<\/strong><strong>tica y visi\u00f3n de largo plazo, convertiremos esas oportunidades en empleos, en exportaciones justas y en mayor bienestar para nuestras comunidades\u201d, agreg\u00f3&nbsp;<\/strong><strong>Jean Luis Rodr<\/strong><strong>\u00ed<\/strong><strong>guez.<\/strong><\/p>\n\n\n\n<p><strong>El acuerdo establece un marco de colaboraci\u00f3n basado en principios de equidad, reciprocidad y beneficio mutuo, en respuesta a los nuevos retos que enfrenta el sector portuario a nivel global.<\/strong><\/p>\n\n\n\n<p><strong>\u201c<\/strong><strong>Estamos en medio de un proceso de transformaci\u00f3n, y ese camino lleva el aporte de la Rep\u00fablica Dominicana. Han sido una gu\u00eda para Guatemala, ayud\u00e1ndonos a abrir puertas, compartir conocimientos y fortalecer nuestras capacidades, con la visi\u00f3n de construir una operaci\u00f3n m\u00e1s integrada y un desarrollo conjunto en la regi\u00f3n\u201d, asegur\u00f3&nbsp;<\/strong><strong>Leonel Molina Cabrera<\/strong><strong>.<\/strong><\/p>\n\n\n\n<p><strong>Entre las principales \u00e1<\/strong><strong>reas de cooperaci<\/strong><strong>\u00f3n contempladas en el Memorando se destacan la gobernanza portuaria, la transici\u00f3<\/strong><strong>n energ<\/strong><strong>\u00e9<\/strong><strong>tica y sostenibilidad ambiental, la conectividad, la digitalizaci\u00f3n, la seguridad portuaria y la integraci\u00f3n puerto-ciudad.<\/strong><\/p>\n\n\n\n<p><strong>Asimismo, el acuerdo prev<\/strong><strong>\u00e9&nbsp;<\/strong><strong>diversas modalidades de colaboraci<\/strong><strong>\u00f3n, incluyendo el intercambio de informaci\u00f3n y expertos, la realizaci\u00f3n de programas de capacitaci\u00f3n, la organizaci\u00f3n de eventos t<\/strong><strong>\u00e9<\/strong><strong>cnicos y el impulso a la investigaci\u00f3n y desarrollo tecnol\u00f3gico. Tambi<\/strong><strong>\u00e9<\/strong><strong>n se contempla la promoci\u00f3n de una red de colaboraci\u00f3n portuaria en el \u00e1<\/strong><strong>mbito iberoamericano.<\/strong><\/p>\n\n\n\n<p><strong>Durante la misi\u00f3n t<\/strong><strong>\u00e9<\/strong><strong>cnica, la delegaci\u00f3n guatemalteca sostuvo encuentros con autoridades y operadores portuarios dominicanos para conocer de cerca los modelos de gesti\u00f3n implementados en terminales estrat<\/strong><strong>\u00e9<\/strong><strong>gicas del pa\u00eds, con el objetivo de identificar mejores pr\u00e1cticas que puedan ser replicadas en su sistema portuario nacional, fortaleciendo as\u00ed los procesos de modernizaci\u00f3n y competitividad institucional.<\/strong><\/p>\n\n\n\n<p><strong>El Memorando tendr\u00e1 una vigencia inicial de cuatro a\u00f1os, renovable autom\u00e1ticamente, y no genera obligaciones jur\u00eddicas entre las partes, lo que permite una cooperaci\u00f3n flexible y adaptada a las necesidades de cada instituci\u00f3n.<\/strong><\/p>\n\n\n\n<p><strong>Con esta iniciativa, ambas entidades reafirman su compromiso con el fortalecimiento del sector portuario, la innovaci\u00f3n y la cooperaci\u00f3n internacional como pilares para el desarrollo sostenible. <\/strong><strong>&nbsp;<\/strong><\/p>\n\n\n\n<p><strong>Direcci\u00f3n de Comunicaciones<\/strong><\/p>\n\n\n\n<p><strong>Autoridad Portuaria Dominicana <a href=\"mailto:prensaapordom@gmail.com\">prensaapordom@gmail.com<\/a><\/strong><\/p>\n","protected":false},"excerpt":{"rendered":"<p>Santo Domingo, Rep\u00fablica Dominicana.&nbsp;\u2013 La Autoridad Portuaria Dominicana (APORDOM) y la Comisi\u00f3n Portuaria Nacional de la Rep\u00fablica de Guatemala suscribieron un Memorando de Entendimiento con el objetivo de fortalecer la cooperaci\u00f3n bilateral, impulsando el desarrollo sostenible, la modernizaci\u00f3n y la eficiencia de sus sistemas portuarios. El acto protocolar se llev\u00f3 a cabo en el Sal\u00f3n [&hellip;]<\/p>\n","protected":false},"author":7,"featured_media":676387,"comment_status":"closed","ping_status":"closed","sticky":false,"template":"","format":"standard","meta":{"footnotes":""},"categories":[20],"tags":[924],"class_list":["post-676380","post","type-post","status-publish","format-standard","has-post-thumbnail","hentry","category-dominicana-hoy","tag-apordom"],"_links":{"self":[{"href":"https:\/\/diariodominicano.com\/index.php?rest_route=\/wp\/v2\/posts\/676380","targetHints":{"allow":["GET"]}}],"collection":[{"href":"https:\/\/diariodominicano.com\/index.php?rest_route=\/wp\/v2\/posts"}],"about":[{"href":"https:\/\/diariodominicano.com\/index.php?rest_route=\/wp\/v2\/types\/post"}],"author":[{"embeddable":true,"href":"https:\/\/diariodominicano.com\/index.php?rest_route=\/wp\/v2\/users\/7"}],"replies":[{"embeddable":true,"href":"https:\/\/diariodominicano.com\/index.php?rest_route=%2Fwp%2Fv2%2Fcomments&post=676380"}],"version-history":[{"count":1,"href":"https:\/\/diariodominicano.com\/index.php?rest_route=\/wp\/v2\/posts\/676380\/revisions"}],"predecessor-version":[{"id":676390,"href":"https:\/\/diariodominicano.com\/index.php?rest_route=\/wp\/v2\/posts\/676380\/revisions\/676390"}],"wp:featuredmedia":[{"embeddable":true,"href":"https:\/\/diariodominicano.com\/index.php?rest_route=\/wp\/v2\/media\/676387"}],"wp:attachment":[{"href":"https:\/\/diariodominicano.com\/index.php?rest_route=%2Fwp%2Fv2%2Fmedia&parent=676380"}],"wp:term":[{"taxonomy":"category","embeddable":true,"href":"https:\/\/diariodominicano.com\/index.php?rest_route=%2Fwp%2Fv2%2Fcategories&post=676380"},{"taxonomy":"post_tag","embeddable":true,"href":"https:\/\/diariodominicano.com\/index.php?rest_route=%2Fwp%2Fv2%2Ftags&post=676380"}],"curies":[{"name":"wp","href":"https:\/\/api.w.org\/{rel}","templated":true}]}}