{"id":676379,"date":"2026-05-01T20:32:12","date_gmt":"2026-05-02T00:32:12","guid":{"rendered":"https:\/\/diariodominicano.com\/?p=676379"},"modified":"2026-05-01T20:49:37","modified_gmt":"2026-05-02T00:49:37","slug":"condena-de-cinco-anos-de-prision-para-hombre-por-trafico-de-drogas-en-monte-plata","status":"publish","type":"post","link":"https:\/\/diariodominicano.com\/?p=676379","title":{"rendered":"Condena de cinco a\u00f1os de prisi\u00f3n para hombre por tr\u00e1fico de drogas en Monte Plata"},"content":{"rendered":"\n<p><strong>SANTO DOMINGO (Rep\u00fablica Dominicana).-<\/strong>&nbsp;Al acoger la solicitud del Ministerio P\u00fablico, el Tribunal Colegiado de Monte Plata conden\u00f3 a cinco a\u00f1os de prisi\u00f3n a un hombre por tr\u00e1fico de drogas y sustancias controladas.<\/p>\n\n\n\n<p>La sentencia fue impuesta a Heriberto Pinales (La Traba), de 23 a\u00f1os de edad.<\/p>\n\n\n\n<p>El Ministerio P\u00fablico, representado por el procurador fiscal Jos\u00e9 del Carmen Garc\u00eda Hern\u00e1ndez, demostr\u00f3 ante el tribunal, que el imputado viol\u00f3 las disposiciones de los art\u00edculos 5, Literal A, 28, y 75, p\u00e1rrafo II, de la Ley 50-88, sobre Drogas y Sustancias Controladas en la Rep\u00fablica Dominicana.<\/p>\n\n\n\n<p>El expediente indica que Pinales fue apresado en flagrante delito el 25 de marzo de 2025, durante un operativo realizado por miembros de la Direcci\u00f3n Nacional de Control de Drogas (DNCD), cuando se encontraba en la carretera El Cacique, pr\u00f3ximo a un solar bald\u00edo de Monte Plata.<\/p>\n\n\n\n<p>Detalla que, al ser requisado el lugar donde se encontraba el imputado, se le ocup\u00f3 una caja de cart\u00f3n de color marr\u00f3n conteniendo en su interior 77.92 gramos de coca\u00edna, seg\u00fan consta en el Certificado de An\u00e1lisis Qu\u00edmico Forense n\u00fam. SCI2024-04-29-008580, emitido por el Instituto Nacional de Ciencias Forenses (Inacif).<\/p>\n\n\n\n<p>El tribunal, que integran las juezas Hilda Nieves S\u00e1nchez Luna, Johanna Giselle Reyes Moquete y Carmen Daniela Araujo Rivas, estableci\u00f3 que el hoy procesado deber\u00e1 cumplir la pena en el Centro de Correcci\u00f3n y Rehabilitaci\u00f3n de Monte Plata.<\/p>\n\n\n\n<p><strong>Direcci\u00f3n General de Comunicaci\u00f3n, Prensa, y RRPP<\/strong><\/p>\n\n\n\n<p>Ministerio P\u00fablico.&nbsp;R.D.<\/p>\n\n\n\n<p>Comunicaciones PGR <a href=\"mailto:comunicaciones@pgr.gob.do\">comunicaciones@pgr.gob.do<\/a><\/p>\n","protected":false},"excerpt":{"rendered":"<p>SANTO DOMINGO (Rep\u00fablica Dominicana).-&nbsp;Al acoger la solicitud del Ministerio P\u00fablico, el Tribunal Colegiado de Monte Plata conden\u00f3 a cinco a\u00f1os de prisi\u00f3n a un hombre por tr\u00e1fico de drogas y sustancias controladas. La sentencia fue impuesta a Heriberto Pinales (La Traba), de 23 a\u00f1os de edad. El Ministerio P\u00fablico, representado por el procurador fiscal Jos\u00e9 [&hellip;]<\/p>\n","protected":false},"author":7,"featured_media":497947,"comment_status":"closed","ping_status":"closed","sticky":false,"template":"","format":"standard","meta":{"footnotes":""},"categories":[24],"tags":[171,4059],"class_list":["post-676379","post","type-post","status-publish","format-standard","has-post-thumbnail","hentry","category-justicia-y-derecho","tag-ministerio-publico","tag-monte-plata"],"_links":{"self":[{"href":"https:\/\/diariodominicano.com\/index.php?rest_route=\/wp\/v2\/posts\/676379","targetHints":{"allow":["GET"]}}],"collection":[{"href":"https:\/\/diariodominicano.com\/index.php?rest_route=\/wp\/v2\/posts"}],"about":[{"href":"https:\/\/diariodominicano.com\/index.php?rest_route=\/wp\/v2\/types\/post"}],"author":[{"embeddable":true,"href":"https:\/\/diariodominicano.com\/index.php?rest_route=\/wp\/v2\/users\/7"}],"replies":[{"embeddable":true,"href":"https:\/\/diariodominicano.com\/index.php?rest_route=%2Fwp%2Fv2%2Fcomments&post=676379"}],"version-history":[{"count":1,"href":"https:\/\/diariodominicano.com\/index.php?rest_route=\/wp\/v2\/posts\/676379\/revisions"}],"predecessor-version":[{"id":676385,"href":"https:\/\/diariodominicano.com\/index.php?rest_route=\/wp\/v2\/posts\/676379\/revisions\/676385"}],"wp:featuredmedia":[{"embeddable":true,"href":"https:\/\/diariodominicano.com\/index.php?rest_route=\/wp\/v2\/media\/497947"}],"wp:attachment":[{"href":"https:\/\/diariodominicano.com\/index.php?rest_route=%2Fwp%2Fv2%2Fmedia&parent=676379"}],"wp:term":[{"taxonomy":"category","embeddable":true,"href":"https:\/\/diariodominicano.com\/index.php?rest_route=%2Fwp%2Fv2%2Fcategories&post=676379"},{"taxonomy":"post_tag","embeddable":true,"href":"https:\/\/diariodominicano.com\/index.php?rest_route=%2Fwp%2Fv2%2Ftags&post=676379"}],"curies":[{"name":"wp","href":"https:\/\/api.w.org\/{rel}","templated":true}]}}