{"id":676372,"date":"2026-05-01T19:04:00","date_gmt":"2026-05-01T23:04:00","guid":{"rendered":"https:\/\/diariodominicano.com\/?p=676372"},"modified":"2026-05-01T19:04:07","modified_gmt":"2026-05-01T23:04:07","slug":"el-medio-ambiente-y-los-crimenes-en-el-estatuto-de-roma-1-de-2","status":"publish","type":"post","link":"https:\/\/diariodominicano.com\/?p=676372","title":{"rendered":"El medio ambiente y los cr\u00edmenes en el Estatuto de Roma\u00a0 (1 de 2)"},"content":{"rendered":"\n<p><strong>Por Rommel Santos Diaz<\/strong><\/p>\n\n\n\n<p>El enjuiciamiento de los cr\u00edmenes ambientales se lleva a cabo dentro de un marco jur\u00eddico determinado, a saber, el Estatuto de Roma, cuya interpretaci\u00f3n y aplicaci\u00f3n se facilitan mediante los elementos de los cr\u00edmenes y las Reglas de Procedimiento y Prueba.<\/p>\n\n\n\n<p>Al interpretar estos documentos primarios, la Corte Penal Internacional tambi\u00e9n tendr\u00e1 en cuenta los tratados y principios aplicables y, cuando proceda , las normas de derecho internacional, de los conflictos armados, el el derecho internacional de los derechos humanos y el derecho internacional ambiental.<\/p>\n\n\n\n<p>Todos&nbsp; los aspectos de la labor de la Fiscal\u00eda de la Corte Penal Internacional se rigen por el art\u00edculo 21, p\u00e1rrafo 3, del Estatuto de Roma, el cual establece que la aplicaci\u00f3n e interpretaci\u00f3n del Estatuto deben ser compatibles con los derechos humanos internacionalmente reconocidos.<\/p>\n\n\n\n<p>Los derechos que resultan especialmente pertinentes para la investigaci\u00f3n&nbsp; y el enjuiciamiento de los cr\u00edmenes ambientales incluyen, entre otros, el derecho a la vida, el derecho a la integridad f\u00edsica el derecho a la salud f\u00edsica y mental, el derecho a un medio ambiente limpio, saludable y sostenible, el derecho a un suministro adecuado de alimentos y agua, el derecho a una vivienda adecuada, el derecho a la privacidad y la vida familiar, el derecho a la libertad de circulaci\u00f3n y a la elecci\u00f3n de la propia residencia, el derecho a participar en la vida cultural y los derechos del ni\u00f1o.<\/p>\n\n\n\n<p>Todo caso relacionado con cr\u00edmenes ambientales investigados por la Fiscal\u00eda debe cumplir los requisitos de competencia&nbsp; ordinarios establecidos por el Estatuto de Roma, competencia temporal, competencia territorial o de nacionalidad y competencia tem\u00e1tica.<\/p>\n\n\n\n<p>En cuanto a la competencia territorial, la Corte tiene la facultad de enjuiciar cr\u00edmenes&nbsp; no s\u00f3lo en el territorio de un Estado Parte, que incluye su mar territorial y su espacio a\u00e9reo, sino tambi\u00e9n&nbsp; a bordo de un buque o de una aeronave matriculada en un Estado Parte.<\/p>\n\n\n\n<p>En lo que respecta a la competencia personal, aunque la Fiscal\u00eda no puede imputar un crimen ambiental&nbsp; a una empresa sobre la base de su personalidad jur\u00eddica en vista de que el Estatuto de Roma&nbsp; limita la competencia de la Corte a las personas naturales, si puede enjuiciar a los agentes empresariales particulares que cumplan los requisitos&nbsp; en materia de competencia territorial o por nacionalidad y que sean responsables personalmente de la comisi\u00f3n de un crimen ambiental conforme a los art\u00edculos 25 o 28 del Estatuto de Roma.<\/p>\n\n\n\n<p><strong><a href=\"mailto:Rommelsantosdiaz@gmail.com\" target=\"_blank\" rel=\"noreferrer noopener\">Rommelsantosdiaz@gmail.com<\/a><\/strong><\/p>\n","protected":false},"excerpt":{"rendered":"<p>Por Rommel Santos Diaz El enjuiciamiento de los cr\u00edmenes ambientales se lleva a cabo dentro de un marco jur\u00eddico determinado, a saber, el Estatuto de Roma, cuya interpretaci\u00f3n y aplicaci\u00f3n se facilitan mediante los elementos de los cr\u00edmenes y las Reglas de Procedimiento y Prueba. Al interpretar estos documentos primarios, la Corte Penal Internacional tambi\u00e9n [&hellip;]<\/p>\n","protected":false},"author":7,"featured_media":567802,"comment_status":"closed","ping_status":"closed","sticky":false,"template":"","format":"standard","meta":{"footnotes":""},"categories":[16],"tags":[139],"class_list":["post-676372","post","type-post","status-publish","format-standard","has-post-thumbnail","hentry","category-opiniones","tag-rommel-santos-diaz"],"_links":{"self":[{"href":"https:\/\/diariodominicano.com\/index.php?rest_route=\/wp\/v2\/posts\/676372","targetHints":{"allow":["GET"]}}],"collection":[{"href":"https:\/\/diariodominicano.com\/index.php?rest_route=\/wp\/v2\/posts"}],"about":[{"href":"https:\/\/diariodominicano.com\/index.php?rest_route=\/wp\/v2\/types\/post"}],"author":[{"embeddable":true,"href":"https:\/\/diariodominicano.com\/index.php?rest_route=\/wp\/v2\/users\/7"}],"replies":[{"embeddable":true,"href":"https:\/\/diariodominicano.com\/index.php?rest_route=%2Fwp%2Fv2%2Fcomments&post=676372"}],"version-history":[{"count":1,"href":"https:\/\/diariodominicano.com\/index.php?rest_route=\/wp\/v2\/posts\/676372\/revisions"}],"predecessor-version":[{"id":676377,"href":"https:\/\/diariodominicano.com\/index.php?rest_route=\/wp\/v2\/posts\/676372\/revisions\/676377"}],"wp:featuredmedia":[{"embeddable":true,"href":"https:\/\/diariodominicano.com\/index.php?rest_route=\/wp\/v2\/media\/567802"}],"wp:attachment":[{"href":"https:\/\/diariodominicano.com\/index.php?rest_route=%2Fwp%2Fv2%2Fmedia&parent=676372"}],"wp:term":[{"taxonomy":"category","embeddable":true,"href":"https:\/\/diariodominicano.com\/index.php?rest_route=%2Fwp%2Fv2%2Fcategories&post=676372"},{"taxonomy":"post_tag","embeddable":true,"href":"https:\/\/diariodominicano.com\/index.php?rest_route=%2Fwp%2Fv2%2Ftags&post=676372"}],"curies":[{"name":"wp","href":"https:\/\/api.w.org\/{rel}","templated":true}]}}