{"id":676353,"date":"2026-05-01T18:22:30","date_gmt":"2026-05-01T22:22:30","guid":{"rendered":"https:\/\/diariodominicano.com\/?p=676353"},"modified":"2026-05-01T18:22:46","modified_gmt":"2026-05-01T22:22:46","slug":"senado-de-la-republica-honra-la-excelencia-de-su-capital-humano-en-historica-premiacion","status":"publish","type":"post","link":"https:\/\/diariodominicano.com\/?p=676353","title":{"rendered":"Senado de la Rep\u00fablica honra la excelencia de su capital humano en hist\u00f3rica premiaci\u00f3n"},"content":{"rendered":"\n<p>Santo Domingo.\u2013 En una jornada que mezcl\u00f3 la alegr\u00eda, emotividad, gratitud y profundo sentido institucional, el Senado de la Rep\u00fablica celebr\u00f3 este viernes el D\u00eda del Trabajo con la primera entrega del Premio Anual a la Labor Sobresaliente del Personal Administrativo y Legislativo, una iniciativa concebida para exaltar la dedicaci\u00f3n, la excelencia y la vocaci\u00f3n de servicio de quienes, desde m\u00faltiples funciones, sostienen el quehacer legislativo.<\/p>\n\n\n\n<p>El presidente del Senado, Ricardo de los Santos, encabez\u00f3 el acto y destac\u00f3 el papel esencial de los colaboradores de la C\u00e1mara Alta, a quienes defini\u00f3 como \u201clos verdaderos protagonistas del trabajo y los resultados que podemos exhibir como legisladores\u201d. Subray\u00f3 que, es precisamente en el compromiso silencioso y constante de estos hombres y mujeres donde descansa la eficiencia legislativa, afirmando que sin su labor cotidiana \u201cnada fuera posible\u201d.<\/p>\n\n\n\n<figure class=\"wp-block-gallery has-nested-images columns-default is-cropped wp-block-gallery-1 is-layout-flex wp-block-gallery-is-layout-flex\">\n<figure class=\"wp-block-image size-large\"><img loading=\"lazy\" decoding=\"async\" width=\"1024\" height=\"681\" data-id=\"676370\" src=\"https:\/\/diariodominicano.com\/wp-content\/uploads\/2026\/05\/Senado-de-la-Republica-honra-la-excelencia-su-capital-humano-en-historica-premiacion-1024x681.jpg\" alt=\"\" class=\"wp-image-676370\" srcset=\"https:\/\/diariodominicano.com\/wp-content\/uploads\/2026\/05\/Senado-de-la-Republica-honra-la-excelencia-su-capital-humano-en-historica-premiacion-1024x681.jpg 1024w, https:\/\/diariodominicano.com\/wp-content\/uploads\/2026\/05\/Senado-de-la-Republica-honra-la-excelencia-su-capital-humano-en-historica-premiacion-300x200.jpg 300w, https:\/\/diariodominicano.com\/wp-content\/uploads\/2026\/05\/Senado-de-la-Republica-honra-la-excelencia-su-capital-humano-en-historica-premiacion-768x511.jpg 768w, https:\/\/diariodominicano.com\/wp-content\/uploads\/2026\/05\/Senado-de-la-Republica-honra-la-excelencia-su-capital-humano-en-historica-premiacion-816x543.jpg 816w, https:\/\/diariodominicano.com\/wp-content\/uploads\/2026\/05\/Senado-de-la-Republica-honra-la-excelencia-su-capital-humano-en-historica-premiacion.jpg 1200w\" sizes=\"auto, (max-width: 1024px) 100vw, 1024px\" \/><\/figure>\n<\/figure>\n\n\n\n<p>Resalt\u00f3 que el reconocimiento nace con la firme intenci\u00f3n de visibilizar el esfuerzo excepcional de quienes, desde diversas posiciones, contribuyen a dotar a la Rep\u00fablica Dominicana de un cuerpo normativo que garantiza la convivencia pac\u00edfica en el marco de un Estado libre, democr\u00e1tico y de derecho.<\/p>\n\n\n\n<p>El presidente del Senado valor\u00f3 la trascendencia de esta iniciativa, se\u00f1alando que no solo reconoce m\u00e9ritos individuales, sino que tambi\u00e9n reafirma el compromiso colectivo de servir al pa\u00eds con integridad y eficiencia.<\/p>\n\n\n\n<p>En ese sentido, enfatiz\u00f3 la relevancia de la constante actualizaci\u00f3n de las leyes que rigen la vida en sociedad, destacando que el trabajo del personal administrativo y legislativo resulta indispensable para alcanzar dicho prop\u00f3sito.<\/p>\n\n\n\n<figure class=\"wp-block-gallery has-nested-images columns-default is-cropped wp-block-gallery-2 is-layout-flex wp-block-gallery-is-layout-flex\">\n<figure class=\"wp-block-image size-large\"><img loading=\"lazy\" decoding=\"async\" width=\"1024\" height=\"1024\" data-id=\"676369\" src=\"https:\/\/diariodominicano.com\/wp-content\/uploads\/2026\/05\/Senado-de-la-Republica-honra-la-excelencia-su-capital-humano-historica-premiacion-1024x1024.jpg\" alt=\"\" class=\"wp-image-676369\" srcset=\"https:\/\/diariodominicano.com\/wp-content\/uploads\/2026\/05\/Senado-de-la-Republica-honra-la-excelencia-su-capital-humano-historica-premiacion-1024x1024.jpg 1024w, https:\/\/diariodominicano.com\/wp-content\/uploads\/2026\/05\/Senado-de-la-Republica-honra-la-excelencia-su-capital-humano-historica-premiacion-300x300.jpg 300w, https:\/\/diariodominicano.com\/wp-content\/uploads\/2026\/05\/Senado-de-la-Republica-honra-la-excelencia-su-capital-humano-historica-premiacion-150x150.jpg 150w, https:\/\/diariodominicano.com\/wp-content\/uploads\/2026\/05\/Senado-de-la-Republica-honra-la-excelencia-su-capital-humano-historica-premiacion-768x768.jpg 768w, https:\/\/diariodominicano.com\/wp-content\/uploads\/2026\/05\/Senado-de-la-Republica-honra-la-excelencia-su-capital-humano-historica-premiacion-88x88.jpg 88w, https:\/\/diariodominicano.com\/wp-content\/uploads\/2026\/05\/Senado-de-la-Republica-honra-la-excelencia-su-capital-humano-historica-premiacion-816x816.jpg 816w, https:\/\/diariodominicano.com\/wp-content\/uploads\/2026\/05\/Senado-de-la-Republica-honra-la-excelencia-su-capital-humano-historica-premiacion.jpg 1200w\" sizes=\"auto, (max-width: 1024px) 100vw, 1024px\" \/><\/figure>\n<\/figure>\n\n\n\n<p>Por su parte, la directora de Gesti\u00f3n Humana del Senado, Sonya Uribe, expres\u00f3 su agradecimiento al respaldo decidido del presidente del Senado, quien \u201csiempre tiene el coraz\u00f3n puesto en mejorar las condiciones de los colaboradores\u201d. Destac\u00f3 que ese apoyo ha sido fundamental para impulsar iniciativas orientadas al bienestar y desarrollo del capital humano institucional.<\/p>\n\n\n\n<figure class=\"wp-block-gallery has-nested-images columns-default is-cropped wp-block-gallery-3 is-layout-flex wp-block-gallery-is-layout-flex\">\n<figure class=\"wp-block-image size-large\"><img loading=\"lazy\" decoding=\"async\" width=\"1024\" height=\"512\" data-id=\"676367\" src=\"https:\/\/diariodominicano.com\/wp-content\/uploads\/2026\/05\/Senado-de-la-Republica-honra-la-excelencia-de-su-capital-humano-en-historica-premiacion-1024x512.jpg\" alt=\"\" class=\"wp-image-676367\" srcset=\"https:\/\/diariodominicano.com\/wp-content\/uploads\/2026\/05\/Senado-de-la-Republica-honra-la-excelencia-de-su-capital-humano-en-historica-premiacion-1024x512.jpg 1024w, https:\/\/diariodominicano.com\/wp-content\/uploads\/2026\/05\/Senado-de-la-Republica-honra-la-excelencia-de-su-capital-humano-en-historica-premiacion-300x150.jpg 300w, https:\/\/diariodominicano.com\/wp-content\/uploads\/2026\/05\/Senado-de-la-Republica-honra-la-excelencia-de-su-capital-humano-en-historica-premiacion-768x384.jpg 768w, https:\/\/diariodominicano.com\/wp-content\/uploads\/2026\/05\/Senado-de-la-Republica-honra-la-excelencia-de-su-capital-humano-en-historica-premiacion-816x408.jpg 816w, https:\/\/diariodominicano.com\/wp-content\/uploads\/2026\/05\/Senado-de-la-Republica-honra-la-excelencia-de-su-capital-humano-en-historica-premiacion-400x200.jpg 400w, https:\/\/diariodominicano.com\/wp-content\/uploads\/2026\/05\/Senado-de-la-Republica-honra-la-excelencia-de-su-capital-humano-en-historica-premiacion.jpg 1200w\" sizes=\"auto, (max-width: 1024px) 100vw, 1024px\" \/><\/figure>\n<\/figure>\n\n\n\n<p>\u201cCada idea que hemos tenido o que \u00e9l mismo nos ha pedido desarrollar siempre ha sido pensando en el colaborador\u201d, afirm\u00f3.<\/p>\n\n\n\n<p>Explic\u00f3 que la selecci\u00f3n de los galardonados estuvo a cargo de un comit\u00e9 evaluador y un jurado especializado, quienes ponderaron rigurosamente los perfiles propuestos por los responsables de cada departamento, en un ejercicio que prioriz\u00f3 la trayectoria, el m\u00e9rito y la excelencia en el desempe\u00f1o.<\/p>\n\n\n\n<p>Indic\u00f3 que el Premio Anual a la Labor Sobresaliente del Personal Administrativo y Legislativo es la forma de visibilizar cada a\u00f1o el trabajo que hacen cada a\u00f1o los colaboradores.<\/p>\n\n\n\n<p>La ceremonia no solo marc\u00f3 un hito en la historia del Senado de la Rep\u00fablica, sino que tambi\u00e9n reafirm\u00f3 una convicci\u00f3n esencial: que el progreso legislativo y la fortaleza democr\u00e1tica encuentran su ra\u00edz m\u00e1s firme en la excelencia, la entrega y la dignidad de su gente.<\/p>\n\n\n\n<p>Reconocidos<\/p>\n\n\n\n<p>Los primeros en ser reconocidos, bajo una ovaci\u00f3n de pie de sus compa\u00f1eros que abarrotaron el Auditorio del Senado de la Rep\u00fablica fueron Santiago Andr\u00e9s Jacobo (Pepe), de la Divisi\u00f3n de Ingenier\u00eda y Mantenimiento; Carmen Carvajal, del Departamento de Archivo y Correspondencia; Bony Edermira Castillo, de la Secretar\u00eda General Legislativa y Ana Ramona Cordero (Charo), de la Unidad de Reproducci\u00f3n, quienes acumulan 40 a\u00f1os de servicio al pa\u00eds a trav\u00e9s de la C\u00e1mara Alta. Tambi\u00e9n se reconocieron los 46 a\u00f1os de servicio de la sub encargada del Departamento de Documentaci\u00f3n, Archivo y Correspondencia, Maritza Altagracia Matos.<\/p>\n\n\n\n<p>En la categor\u00eda de Innovaci\u00f3n en la Gesti\u00f3n fueron reconocidos Rumania Ortiz Soto, coordinadora de la Biblioteca del Senado; Jos\u00e9 Rosario Ure\u00f1a, programador de la Direcci\u00f3n de Inform\u00e1tica; Rafael Oviedo, coordinador de Planificaci\u00f3n y Desarrollo y Mar\u00eda Antonia Collado, coordinadora de Taquigraf\u00eda y Transcripciones. Esta categor\u00eda premia a quienes transforman los procesos.<\/p>\n\n\n\n<p>En la categor\u00eda de Excelencia Administrativa se reconoci\u00f3 el trabajo diario de Jennifer Tellado, asistente ejecutiva de la Presidencia del Senado; Teresa Guti\u00e9rrez, coordinadora de la Divisi\u00f3n de Reclutamiento y Selecci\u00f3n; y Elizabeth Arlovia P\u00e9rez, de la secretaria general Legislativa; Altagracia Iris Santos, de la Direcci\u00f3n de Comisiones.<\/p>\n\n\n\n<p>Tambi\u00e9n se reconoci\u00f3 el esfuerzo diario de Kenia Mar\u00eda S\u00e1nchez, de la Direcci\u00f3n Financiera y On\u00e9simo Carvajal, coordinador de la Direcci\u00f3n de Comisiones, ambos con 35 a\u00f1os de servicio; Euris Bolivar Pereyra, coordinador de Elaboraci\u00f3n de Actas y servidor por 34 a\u00f1os de servicio; y El\u00edas Sena, coordinador de la Direcci\u00f3n Administrativa, con 18 a\u00f1os de servicio, en la categor\u00eda de M\u00e9rito Extraordinario.<\/p>\n\n\n\n<p>Recibieron un certificado de reconocimiento: Wada M\u00e9ndez Ferreras, de Participaci\u00f3n Ciudadana; Digna Milagros Quezada, del Departamento de Representaci\u00f3n; Olga Febles Cedano, de la Secretar\u00eda General Administrativa; Elizabeth Matos, de la Unidad Central Telef\u00f3nica; Ren\u00e9 Omar M\u00e9ndez, del Departamento de Auditor\u00eda Legislativa; Eduvigis Mora, del Departamento de Registro y Control; Eneida Rosa, de la Unidad de Almac\u00e9n y Francis Janet Campusano.<\/p>\n\n\n\n<p>El reconocimiento distingui\u00f3 la trayectoria de Mar\u00eda Mej\u00edas, de la Direcci\u00f3n Administrativa; Maxime Emilie Taul\u00e9, de la Coordinaci\u00f3n de Comisiones; Mery Catalina Pujals, de Planificaci\u00f3n y Desarrollo; Judelyn Malena Pi\u00f1eyro, de Servicios Generales y Katty Valdez, de Transcripci\u00f3n Legislativa.<\/p>\n\n\n\n<p>Las palabras de agradecimiento estuvieron a cargo de Elizabeth Arlovia P\u00e9rez quien dijo que es un honor y una gran responsabilidad trabajar d\u00eda a d\u00eda por la C\u00e1mara Alta y comparti\u00f3 la premiaci\u00f3n con todos sus compa\u00f1eros y agradeci\u00f3 a la instituci\u00f3n por valorar el esfuerzo, detr\u00e1s de cada proceso.<\/p>\n","protected":false},"excerpt":{"rendered":"<p>Santo Domingo.\u2013 En una jornada que mezcl\u00f3 la alegr\u00eda, emotividad, gratitud y profundo sentido institucional, el Senado de la Rep\u00fablica celebr\u00f3 este viernes el D\u00eda del Trabajo con la primera entrega del Premio Anual a la Labor Sobresaliente del Personal Administrativo y Legislativo, una iniciativa concebida para exaltar la dedicaci\u00f3n, la excelencia y la vocaci\u00f3n [&hellip;]<\/p>\n","protected":false},"author":7,"featured_media":676368,"comment_status":"closed","ping_status":"closed","sticky":false,"template":"","format":"standard","meta":{"footnotes":""},"categories":[36],"tags":[2359],"class_list":["post-676353","post","type-post","status-publish","format-standard","has-post-thumbnail","hentry","category-hombresmujeresycosas","tag-senado"],"_links":{"self":[{"href":"https:\/\/diariodominicano.com\/index.php?rest_route=\/wp\/v2\/posts\/676353","targetHints":{"allow":["GET"]}}],"collection":[{"href":"https:\/\/diariodominicano.com\/index.php?rest_route=\/wp\/v2\/posts"}],"about":[{"href":"https:\/\/diariodominicano.com\/index.php?rest_route=\/wp\/v2\/types\/post"}],"author":[{"embeddable":true,"href":"https:\/\/diariodominicano.com\/index.php?rest_route=\/wp\/v2\/users\/7"}],"replies":[{"embeddable":true,"href":"https:\/\/diariodominicano.com\/index.php?rest_route=%2Fwp%2Fv2%2Fcomments&post=676353"}],"version-history":[{"count":1,"href":"https:\/\/diariodominicano.com\/index.php?rest_route=\/wp\/v2\/posts\/676353\/revisions"}],"predecessor-version":[{"id":676371,"href":"https:\/\/diariodominicano.com\/index.php?rest_route=\/wp\/v2\/posts\/676353\/revisions\/676371"}],"wp:featuredmedia":[{"embeddable":true,"href":"https:\/\/diariodominicano.com\/index.php?rest_route=\/wp\/v2\/media\/676368"}],"wp:attachment":[{"href":"https:\/\/diariodominicano.com\/index.php?rest_route=%2Fwp%2Fv2%2Fmedia&parent=676353"}],"wp:term":[{"taxonomy":"category","embeddable":true,"href":"https:\/\/diariodominicano.com\/index.php?rest_route=%2Fwp%2Fv2%2Fcategories&post=676353"},{"taxonomy":"post_tag","embeddable":true,"href":"https:\/\/diariodominicano.com\/index.php?rest_route=%2Fwp%2Fv2%2Ftags&post=676353"}],"curies":[{"name":"wp","href":"https:\/\/api.w.org\/{rel}","templated":true}]}}