{"id":676345,"date":"2026-05-01T16:00:12","date_gmt":"2026-05-01T20:00:12","guid":{"rendered":"https:\/\/diariodominicano.com\/?p=676345"},"modified":"2026-05-01T16:00:22","modified_gmt":"2026-05-01T20:00:22","slug":"sheinbaum-llama-a-la-unidad-y-defiende-la-soberania-de-mexico-ante-presiones-externas","status":"publish","type":"post","link":"https:\/\/diariodominicano.com\/?p=676345","title":{"rendered":"Sheinbaum llama a la unidad y defiende la soberan\u00eda de M\u00e9xico ante presiones externas"},"content":{"rendered":"\n<p>diariodominicano.com<\/p>\n\n\n\n<p>M\u00c9XICO, 1 may (Xinhua) &#8212; La presidenta de M\u00e9xico, Claudia Sheinbaum, lanz\u00f3 hoy viernes un firme llamado a la unidad nacional y la defensa de la soberan\u00eda, en un contexto de crecientes tensiones con Estados Unidos por temas de seguridad y cooperaci\u00f3n bilateral. Durante un acto por el D\u00eda Internacional de los Trabajadores en la capital mexicana, la mandataria advirti\u00f3 que frente a presiones externas, el pa\u00eds debe cerrar filas. \u00abFrente al embate exterior, lo que debe haber es unidad nacional, unidad con el pueblo. Quien no quiera eso, es que est\u00e1 con el exterior\u00bb, afirm\u00f3 Sheinbaum. Sus declaraciones se producen tras la solicitud del Gobierno de Estados Unidos con multas de extradici\u00f3n de 10 ciudadanos mexicanos, entre ellos el gobernador de Sinaloa, Rub\u00e9n Rocha Moya, por presuntas actividades il\u00edcitas vinculadas al tr\u00e1fico de armas y narc\u00f3ticos. Sheinbaum rechaz\u00f3 que estas presiones la coloquen en una posici\u00f3n vulnerable y asegur\u00f3 que enfrenta la situaci\u00f3n \u00abcon tranquilidad\u00bb. Ante l\u00edderes sindicales y trabajadores, la presidenta subray\u00f3 que su administraci\u00f3n mantendr\u00e1 la cooperaci\u00f3n con Washington, pero sin ceder en principios fundamentales. \u00abCon Estados Unidos cooperamos, nos coordinamos, pero lo he dicho muchas veces, nunca nos vamos a subordinar, porque es un asunto de dignidad del pueblo de M\u00e9xico y de la naci\u00f3n\u00bb, sostuvo. Record\u00f3 que la relaci\u00f3n bilateral se basa en cuatro ejes: responsabilidad compartida, respeto a la soberan\u00eda, colaboraci\u00f3n y coordinaci\u00f3n sin subordinaci\u00f3n. \u00abEstoy tranquila, sin ning\u00fan problema, por una cosa: es tiempo de la defensa de los principios y hay un principio que se llama soberan\u00eda y eso no se negocia\u00bb, asever\u00f3 Sheinbaum desde el Centro Cultural del M\u00e9xico Contempor\u00e1neo, ubicado en el Centro Hist\u00f3rico de la capital mexicana. Con relaci\u00f3n a los casos de los estados de Sinaloa (noroeste) y Chihuahua (norte), la mandataria reiter\u00f3 que cualquier proceso, incluidas solicitudes de extradici\u00f3n, deber\u00e1 apegarse estrictamente a la ley mexicana ya los tratados internacionales vigentes, y ser\u00e1 evaluada por la Fiscal\u00eda General de la Rep\u00fablica, autoridad competente para determinar responsabilidades. El discurso, que fue recibido con ovaciones por los asistentes, se da en un momento clave para la relaci\u00f3n entre M\u00e9xico y Estados Unidos, marcado por recientes fricciones en materia de seguridad y en la antesala de la revisi\u00f3n del tratado de libre comercio de Norteam\u00e9rica.<\/p>\n","protected":false},"excerpt":{"rendered":"<p>diariodominicano.com M\u00c9XICO, 1 may (Xinhua) &#8212; La presidenta de M\u00e9xico, Claudia Sheinbaum, lanz\u00f3 hoy viernes un firme llamado a la unidad nacional y la defensa de la soberan\u00eda, en un contexto de crecientes tensiones con Estados Unidos por temas de seguridad y cooperaci\u00f3n bilateral. Durante un acto por el D\u00eda Internacional de los Trabajadores en [&hellip;]<\/p>\n","protected":false},"author":5,"featured_media":676346,"comment_status":"closed","ping_status":"closed","sticky":false,"template":"","format":"standard","meta":{"footnotes":""},"categories":[23,27],"tags":[],"class_list":["post-676345","post","type-post","status-publish","format-standard","has-post-thumbnail","hentry","category-internacional","category-portada"],"_links":{"self":[{"href":"https:\/\/diariodominicano.com\/index.php?rest_route=\/wp\/v2\/posts\/676345","targetHints":{"allow":["GET"]}}],"collection":[{"href":"https:\/\/diariodominicano.com\/index.php?rest_route=\/wp\/v2\/posts"}],"about":[{"href":"https:\/\/diariodominicano.com\/index.php?rest_route=\/wp\/v2\/types\/post"}],"author":[{"embeddable":true,"href":"https:\/\/diariodominicano.com\/index.php?rest_route=\/wp\/v2\/users\/5"}],"replies":[{"embeddable":true,"href":"https:\/\/diariodominicano.com\/index.php?rest_route=%2Fwp%2Fv2%2Fcomments&post=676345"}],"version-history":[{"count":1,"href":"https:\/\/diariodominicano.com\/index.php?rest_route=\/wp\/v2\/posts\/676345\/revisions"}],"predecessor-version":[{"id":676347,"href":"https:\/\/diariodominicano.com\/index.php?rest_route=\/wp\/v2\/posts\/676345\/revisions\/676347"}],"wp:featuredmedia":[{"embeddable":true,"href":"https:\/\/diariodominicano.com\/index.php?rest_route=\/wp\/v2\/media\/676346"}],"wp:attachment":[{"href":"https:\/\/diariodominicano.com\/index.php?rest_route=%2Fwp%2Fv2%2Fmedia&parent=676345"}],"wp:term":[{"taxonomy":"category","embeddable":true,"href":"https:\/\/diariodominicano.com\/index.php?rest_route=%2Fwp%2Fv2%2Fcategories&post=676345"},{"taxonomy":"post_tag","embeddable":true,"href":"https:\/\/diariodominicano.com\/index.php?rest_route=%2Fwp%2Fv2%2Ftags&post=676345"}],"curies":[{"name":"wp","href":"https:\/\/api.w.org\/{rel}","templated":true}]}}