{"id":676341,"date":"2026-05-01T15:48:02","date_gmt":"2026-05-01T19:48:02","guid":{"rendered":"https:\/\/diariodominicano.com\/?p=676341"},"modified":"2026-05-01T15:48:13","modified_gmt":"2026-05-01T19:48:13","slug":"mas-de-3-mil-estudiantes-de-secundaria-descubren-la-carrera-de-sus-suenos-en-intec-fest","status":"publish","type":"post","link":"https:\/\/diariodominicano.com\/?p=676341","title":{"rendered":"M\u00e1s de 3 mil estudiantes de secundaria descubren la carrera de sus sue\u00f1os en INTEC Fest"},"content":{"rendered":"\n<p>diariodominicano.com<\/p>\n\n\n\n<p>Santo Domingo, R. D., 1 de mayo, 2026.-  M\u00e1s de 3,000 estudiantes, junto a unos 200 padres y tutores, participaron del INTEC Fest 2026, un evento dise\u00f1ado por el Instituto Tecnol\u00f3gico de Santo Domingo en el que los j\u00f3venes que cursan el quinto y sexto de secundaria tienen contacto directo con estudiantes, docentes y egresados de las carreras que desean estudiar, una vez concluyan su bachillerato, lo que les permiti\u00f3 tener mayor claridad en cuanto al dise\u00f1o de su futuro acad\u00e9mico superior.<\/p>\n\n\n\n<p>Las puertas del campus estuvieron abiertas en bloques de horario de 9:00 de la ma\u00f1ana a 6:00 de la tarde. Entre m\u00fasica, baile, juegos y experiencias inmersivas, los j\u00f3venes recorrieron el campus, desde las aulas hasta los laboratorios, tambi\u00e9n los auditorios en los que sostuvieron conversaciones que les llevaron a despejar sus dudas, respecto a la carrera que estudiar\u00e1n.<\/p>\n\n\n\n<p>Shajira Nazir, vicerrectora Acad\u00e9mica del INTEC, indic\u00f3 que el objetivo de este evento es que los estudiantes conozcan las carreras y logren proyectarse en ellas antes de tomar una decisi\u00f3n sobre su futuro profesional.<\/p>\n\n\n\n<p>&nbsp;\u201cEl INTEC Fest va m\u00e1s all\u00e1 de una jornada de orientaci\u00f3n vocacional, pues no solo mostramos nuestra oferta acad\u00e9mica, sino que desarrollamos encuentros entre j\u00f3venes que ya cursan una carrera con otros que desean cursarla y eso permite un acompa\u00f1amiento casi personalizado\u201d, dijo la vicerrectora.<\/p>\n\n\n\n<p>Carla Ram\u00edrez, asistente a la jornada y profesional de finanzas, acudi\u00f3 para conocer la propuesta acad\u00e9mica para su sobrino en el \u00c1rea de Econom\u00eda y Negocios. Explic\u00f3 que la exposici\u00f3n sobre finanzas aport\u00f3 claridad a los padres sobre el contenido de la carrera y destac\u00f3 la b\u00fasqueda de instituciones que cuenten con reconocimiento institucional nacional e internacionalmente.<\/p>\n\n\n\n<p>Un estudiante interesado en negocios internacionales manifest\u00f3 que el contacto con los integrantes de los comit\u00e9s acad\u00e9micos y el conocimiento sobre los procesos de actualizaci\u00f3n de los programas curriculares capt\u00f3 su atenci\u00f3n durante el recorrido por las instalaciones.<\/p>\n\n\n<div class=\"wp-block-image\">\n<figure class=\"alignleft size-full is-resized\"><img loading=\"lazy\" decoding=\"async\" width=\"670\" height=\"446\" src=\"https:\/\/diariodominicano.com\/wp-content\/uploads\/2026\/05\/INTEC-FEST-2026-1-mayo.jpg\" alt=\"\" class=\"wp-image-676343\" style=\"aspect-ratio:1.502253223088679;width:345px;height:auto\" srcset=\"https:\/\/diariodominicano.com\/wp-content\/uploads\/2026\/05\/INTEC-FEST-2026-1-mayo.jpg 670w, https:\/\/diariodominicano.com\/wp-content\/uploads\/2026\/05\/INTEC-FEST-2026-1-mayo-300x200.jpg 300w\" sizes=\"auto, (max-width: 670px) 100vw, 670px\" \/><\/figure>\n<\/div>\n\n\n<p>Un aspecto distintivo del INTEC que gener\u00f3 inter\u00e9s en los padres, as\u00ed como de los futuros profesionales son las acreditaciones internacionales de las diferentes carreras que imparte la universidad. Estos avales funcionan como indicadores de calidad ante organismos de calificaci\u00f3n en Am\u00e9rica y garantizan el cumplimiento de est\u00e1ndares en la formaci\u00f3n de los profesionales.<\/p>\n\n\n\n<p>De hecho, INTEC cuenta con importantes acreditaciones nacionales e internacionales. A nivel institucional, est\u00e1 acreditado por la Agencia Dominicana para el Aseguramiento de la Calidad de la Educaci\u00f3n Superior, que certifica la calidad de su gesti\u00f3n acad\u00e9mica. En el \u00e1mbito internacional, varias de sus ingenier\u00edas, como El\u00e9ctrica, Industrial y Mecatr\u00f3nica, han sido acreditadas por ABET, una organizaci\u00f3n internacional especializada en la acreditaci\u00f3n de programas en \u00e1reas de ingenier\u00eda y tecnolog\u00eda. Asimismo, la carrera de Medicina cuenta con el aval de&nbsp;<em>Caribbean<\/em>&nbsp;<em>Accreditation Authority for Education in Medicine and other Health Professions<\/em>, organismo reconocido por la&nbsp;<em>World Federation for Medical Education<\/em>. De igual forma, la licenciatura en Psicolog\u00eda ha sido acreditada por el Consejo Nacional para la Ense\u00f1anza e Investigaci\u00f3n en Psicolog\u00eda.<\/p>\n\n\n\n<p>\u201cEl retorno de la inversi\u00f3n en la formaci\u00f3n de calidad\u201d, \u201c10 a\u00f1os despu\u00e9s de INTEC: lo que realmente importa\u201d, \u201cEmprender despu\u00e9s de la universidad\u201d, \u201cDe INTEC al liderazgo: decisiones que marcaron mi camino\u201d y \u201cNutrici\u00f3n cambiante: de la escuela a la universidad\u201d, fueron las charlas en las que pudieron participar los padres y tutores.<\/p>\n\n\n\n<p>La universidad present\u00f3 sus indicadores de empleabilidad que sit\u00faan la tasa de inserci\u00f3n laboral de sus egresados en un 99.57 %. La experiencia fue integral pues los participantes pudieron conocer acerca de OASIS, el programa de bienestar estudiantil del INTEC y tambi\u00e9n la Direcci\u00f3n de Movilidad, encargada de gestionar intercambios acad\u00e9micos en el que los estudiantes pueden estudiar un trimestre en universidades alrededor del mundo.<\/p>\n\n\n\n<p>Todas las \u00c1reas Acad\u00e9micas, trabajaron una agenda de actividades en la que, junto a los laboratorios, permitieron a los visitantes vivir una experiencia INTEC, a trav\u00e9s de vistazos a los proyectos de investigaci\u00f3n que vinculan a los estudiantes con el mercado de trabajo y organizaciones de diversos sectores.<\/p>\n\n\n\n<p>Tras haber participado de la jornada, los estudiantes y sus familiares aseguraron sentirse felices con la experiencia y las informaciones brindadas. \u201cEste es el tipo de eventos que las familias necesitan, pues cuando estamos buscando universidad para nuestros hijos analizamos muchas variables y aqu\u00ed uno despeja dudas y los muchachos logran tener una idea m\u00e1s clara de su futuro\u201d, dijo un padre tras ser consultado.<\/p>\n\n\n\n<p><strong>Direcci\u00f3n de Comunicaciones<\/strong><\/p>\n\n\n\n<p><strong>1 de mayo de 2026<\/strong><\/p>\n\n\n\n<p>Julio Solano<\/p>\n\n\n\n<p>Encargado de Prensa y Contenido &#8211; Dir. de Comunicaci\u00f3n Institucional<\/p>\n\n\n\n<p>Instituto Tecnol\u00f3gico de Santo Domingo &#8211; INTEC.<\/p>\n","protected":false},"excerpt":{"rendered":"<p>diariodominicano.com Santo Domingo, R. D., 1 de mayo, 2026.- M\u00e1s de 3,000 estudiantes, junto a unos 200 padres y tutores, participaron del INTEC Fest 2026, un evento dise\u00f1ado por el Instituto Tecnol\u00f3gico de Santo Domingo en el que los j\u00f3venes que cursan el quinto y sexto de secundaria tienen contacto directo con estudiantes, docentes y [&hellip;]<\/p>\n","protected":false},"author":5,"featured_media":676342,"comment_status":"closed","ping_status":"closed","sticky":false,"template":"","format":"standard","meta":{"footnotes":""},"categories":[21,20,27],"tags":[],"class_list":["post-676341","post","type-post","status-publish","format-standard","has-post-thumbnail","hentry","category-cultura","category-dominicana-hoy","category-portada"],"_links":{"self":[{"href":"https:\/\/diariodominicano.com\/index.php?rest_route=\/wp\/v2\/posts\/676341","targetHints":{"allow":["GET"]}}],"collection":[{"href":"https:\/\/diariodominicano.com\/index.php?rest_route=\/wp\/v2\/posts"}],"about":[{"href":"https:\/\/diariodominicano.com\/index.php?rest_route=\/wp\/v2\/types\/post"}],"author":[{"embeddable":true,"href":"https:\/\/diariodominicano.com\/index.php?rest_route=\/wp\/v2\/users\/5"}],"replies":[{"embeddable":true,"href":"https:\/\/diariodominicano.com\/index.php?rest_route=%2Fwp%2Fv2%2Fcomments&post=676341"}],"version-history":[{"count":1,"href":"https:\/\/diariodominicano.com\/index.php?rest_route=\/wp\/v2\/posts\/676341\/revisions"}],"predecessor-version":[{"id":676344,"href":"https:\/\/diariodominicano.com\/index.php?rest_route=\/wp\/v2\/posts\/676341\/revisions\/676344"}],"wp:featuredmedia":[{"embeddable":true,"href":"https:\/\/diariodominicano.com\/index.php?rest_route=\/wp\/v2\/media\/676342"}],"wp:attachment":[{"href":"https:\/\/diariodominicano.com\/index.php?rest_route=%2Fwp%2Fv2%2Fmedia&parent=676341"}],"wp:term":[{"taxonomy":"category","embeddable":true,"href":"https:\/\/diariodominicano.com\/index.php?rest_route=%2Fwp%2Fv2%2Fcategories&post=676341"},{"taxonomy":"post_tag","embeddable":true,"href":"https:\/\/diariodominicano.com\/index.php?rest_route=%2Fwp%2Fv2%2Ftags&post=676341"}],"curies":[{"name":"wp","href":"https:\/\/api.w.org\/{rel}","templated":true}]}}