{"id":676331,"date":"2026-05-01T14:55:57","date_gmt":"2026-05-01T18:55:57","guid":{"rendered":"https:\/\/diariodominicano.com\/?p=676331"},"modified":"2026-05-01T14:57:33","modified_gmt":"2026-05-01T18:57:33","slug":"pld-conmemora-el-dia-internacional-del-trabajo-y-respalda-reclamos-del-movimiento-sindical","status":"publish","type":"post","link":"https:\/\/diariodominicano.com\/?p=676331","title":{"rendered":"PLD conmemora el D\u00eda Internacional del Trabajo y respalda reclamos del movimiento sindical"},"content":{"rendered":"\n<p>diariodominicano.com<\/p>\n\n\n\n<p>Santo Domingo, R. D.,  1 de mayo, 2026.-   <strong>El Partido de la Liberaci\u00f3n Dominicana (PLD),<\/strong>\u00a0a trav\u00e9s de su Secretar\u00eda de Relaciones Laborales y la Corriente Sindical Pelede\u00edsta Miguel Soto, conmemor\u00f3 este 1 de mayo el D\u00eda Internacional del Trabajo con una ofrenda floral en el Altar de la Patria, donde reiter\u00f3 su respaldo a las reivindicaciones de la clase trabajadora dominicana y advirti\u00f3 sobre el deterioro de las condiciones laborales en el pa\u00eds.<\/p>\n\n\n\n<p>Durante el acto, realizado conforme al protocolo en el Parque Independencia, se record\u00f3 la lucha hist\u00f3rica de los m\u00e1rtires de Chicago, as\u00ed como el legado de los Padres de la Patria y de dirigentes sindicales dominicanos.<\/p>\n\n\n\n<p>&nbsp;La dedicatoria de la ofensa estuvo a cargo de&nbsp;<strong>Elso Segura Mart\u00ednez, titular de la Secretar\u00eda de Relaciones Laborales y Presidente de la Corriente Sindical Miguel Soto,<\/strong>&nbsp;acompa\u00f1ado de representantes de esas estructuras partidarias en todo el pa\u00eds.<\/p>\n\n\n\n<p>Segura Mart\u00ednez denunci\u00f3 que el crecimiento macroecon\u00f3mico exhibido por las autoridades no se refleja en la calidad de vida de los trabajadores.<\/p>\n\n\n\n<p>\u201cLa realidad que golpea las puertas de los hogares dominicanos contrasta con los n\u00fameros que se presentan como logros econ\u00f3micos. Mientras se habla de estabilidad, la clase trabajadora enfrenta hambre y precariedad\u201d, expresaron.<\/p>\n\n\n\n<p>Al exponer luego de la colocaci\u00f3n del arreglo floral al pie de las estatuas de los Padres de la Patria, se\u00f1al\u00f3 que, pese a informes oficiales que reportan inflaci\u00f3n moderada, el costo de la canasta familiar ha experimentado incrementos superiores al 40 % en los \u00faltimos tres a\u00f1os, mientras los salarios han perdido poder adquisitivo.<\/p>\n\n\n\n<p>&nbsp;\u201cEl arroz, el aceite, la leche, la carne y los combustibles siguen en aumento, haciendo cada vez m\u00e1s dif\u00edcil la subsistencia de las familias\u201d, indica la declaraci\u00f3n.<\/p>\n\n\n\n<p>Asimismo, advirti\u00f3 sobre el impacto del desempleo y la informalidad laboral, se\u00f1alando que amplios sectores de la poblaci\u00f3n carecen de acceso a seguridad social y estabilidad econ\u00f3mica.<\/p>\n\n\n\n<p>\u201cEl derecho al trabajo se ha convertido en una quimera para miles de dominicanos, en un contexto donde predominan empleos precarios y sin garant\u00edas\u201d, sostuvieron.<\/p>\n\n\n\n<p>La Corriente Sindical Miguel Soto tambi\u00e9n denunci\u00f3 pr\u00e1cticas de persecuci\u00f3n contra dirigentes sindicales y violaciones a la libertad de organizaci\u00f3n, citando observaciones de la Organizaci\u00f3n Internacional del Trabajo (OIT) sobre incumplimientos en materia de negociaci\u00f3n colectiva.<\/p>\n\n\n\n<p>&nbsp;\u201cSe registran despidos, acoso laboral y represalias contra quienes intentan ejercer sus derechos sindicales\u201d, afirmaron.<\/p>\n\n\n\n<p>En ese contexto, el PLD y sus estructuras laborales plantearon un conjunto de demandas, entre ellas un aumento salarial de emergencia ajustado al costo real de la canasta familiar, la generaci\u00f3n de empleos formales y productivos, el cese de la persecuci\u00f3n sindical y la aprobaci\u00f3n de una reforma laboral que fortalezca la protecci\u00f3n de los trabajadores.<\/p>\n\n\n\n<p>\u201cEl Partido de la Liberaci\u00f3n Dominicana mantiene su compromiso con la defensa de los derechos de la clase trabajadora y reitera su posici\u00f3n en favor de pol\u00edticas p\u00fablicas que garanticen empleo digno, estabilidad y justicia social\u201d, concluye el documento.<\/p>\n\n\n\n<p><strong>Desarrollo de la Ofrenda a los Padres de la Patria<\/strong><\/p>\n\n\n\n<p>Los trabajadores, miembros y dirigentes del PLD se congregaron en la Puerta del Conde y desde all\u00ed, con la bandera nacional de avanzada, desfilaron por la parte central del Parque Independencia hasta llegar al Altar de la Patria.<\/p>\n\n\n\n<p>Al llegar al mausoleo, los soldados que custodian el sagrado recinto colocaron el arreglo floral y de inmediato se escuch\u00f3 el Himno Nacional de la Rep\u00fablica Dominicana y acto seguido, las palabras de Elso Segura Mart\u00ednez.<\/p>\n\n\n\n<p>El vicepresidente del PLD, Yvan Lorenzo, Cristina Lizardo y H\u00e9ctor Olivo, representaron al Comit\u00e9 Pol\u00edtico en la Ofrenda Floral, con una gran presencia numerosa de miembros del Comit\u00e9 Central y titulares de Secretar\u00edas.&nbsp;<\/p>\n\n\n\n<p>Como homenaje a los Padres de la Patria, la corriente sindical del PLD da continuidad a la tradici\u00f3n institucional de la organizaci\u00f3n pol\u00edtica de acompa\u00f1ar las luchas del movimiento obrero dominicano y conmemorar el D\u00eda Intencional de los Trabajadores.<\/p>\n\n\n\n<p><strong>SECRETAR\u00cdA DE COMUNICACIONES<\/strong> PLD<\/p>\n\n\n\n<p><strong>01 DE MAYO, 2026.-<\/strong><\/p>\n","protected":false},"excerpt":{"rendered":"<p>diariodominicano.com Santo Domingo, R. D., 1 de mayo, 2026.- El Partido de la Liberaci\u00f3n Dominicana (PLD),\u00a0a trav\u00e9s de su Secretar\u00eda de Relaciones Laborales y la Corriente Sindical Pelede\u00edsta Miguel Soto, conmemor\u00f3 este 1 de mayo el D\u00eda Internacional del Trabajo con una ofrenda floral en el Altar de la Patria, donde reiter\u00f3 su respaldo a [&hellip;]<\/p>\n","protected":false},"author":5,"featured_media":676332,"comment_status":"closed","ping_status":"closed","sticky":false,"template":"","format":"standard","meta":{"footnotes":""},"categories":[20,27],"tags":[],"class_list":["post-676331","post","type-post","status-publish","format-standard","has-post-thumbnail","hentry","category-dominicana-hoy","category-portada"],"_links":{"self":[{"href":"https:\/\/diariodominicano.com\/index.php?rest_route=\/wp\/v2\/posts\/676331","targetHints":{"allow":["GET"]}}],"collection":[{"href":"https:\/\/diariodominicano.com\/index.php?rest_route=\/wp\/v2\/posts"}],"about":[{"href":"https:\/\/diariodominicano.com\/index.php?rest_route=\/wp\/v2\/types\/post"}],"author":[{"embeddable":true,"href":"https:\/\/diariodominicano.com\/index.php?rest_route=\/wp\/v2\/users\/5"}],"replies":[{"embeddable":true,"href":"https:\/\/diariodominicano.com\/index.php?rest_route=%2Fwp%2Fv2%2Fcomments&post=676331"}],"version-history":[{"count":4,"href":"https:\/\/diariodominicano.com\/index.php?rest_route=\/wp\/v2\/posts\/676331\/revisions"}],"predecessor-version":[{"id":676337,"href":"https:\/\/diariodominicano.com\/index.php?rest_route=\/wp\/v2\/posts\/676331\/revisions\/676337"}],"wp:featuredmedia":[{"embeddable":true,"href":"https:\/\/diariodominicano.com\/index.php?rest_route=\/wp\/v2\/media\/676332"}],"wp:attachment":[{"href":"https:\/\/diariodominicano.com\/index.php?rest_route=%2Fwp%2Fv2%2Fmedia&parent=676331"}],"wp:term":[{"taxonomy":"category","embeddable":true,"href":"https:\/\/diariodominicano.com\/index.php?rest_route=%2Fwp%2Fv2%2Fcategories&post=676331"},{"taxonomy":"post_tag","embeddable":true,"href":"https:\/\/diariodominicano.com\/index.php?rest_route=%2Fwp%2Fv2%2Ftags&post=676331"}],"curies":[{"name":"wp","href":"https:\/\/api.w.org\/{rel}","templated":true}]}}