{"id":676326,"date":"2026-05-01T14:45:16","date_gmt":"2026-05-01T18:45:16","guid":{"rendered":"https:\/\/diariodominicano.com\/?p=676326"},"modified":"2026-05-01T14:45:25","modified_gmt":"2026-05-01T18:45:25","slug":"uasd-conmemora-el-dia-de-la-secretaria-con-entrega-de-reconocimientos","status":"publish","type":"post","link":"https:\/\/diariodominicano.com\/?p=676326","title":{"rendered":"UASD\u00a0 conmemora el D\u00eda de la Secretaria con entrega de reconocimientos"},"content":{"rendered":"\n<p>diariodominicano.com<\/p>\n\n\n\n<p>Santo Domingo, R. D., 1 de mayo, 2026.-  La Universidad Aut\u00f3noma de Santo Domingo (UASD) conmemor\u00f3 el D\u00eda de la Secretaria, otorgando reconocimientos a algunas colaboradoras distinguidas, durante un acto encabezado por el rector, maestro Editrudis Beltr\u00e1n Cris\u00f3stomo, realizado en el sal\u00f3n del Consejo Universitario.<\/p>\n\n\n\n<p>El rector, al felicitar a las secretarias uasdianas, exalt\u00f3 sus labores, tras expresar que \u201cparte esencial del personal administrativo son las secretarias de la Academia y todo el personal que realiza la labor secretarial en la UASD\u201d.<\/p>\n\n\n\n<p>Dijo&nbsp; que este personal de apoyo \u201ces a trav\u00e9s de sus manos y sus competencias que &nbsp;crea agilidad, control interno, transparencia, servicio y pertinencia de cada uno de los procesos\u201d.<\/p>\n\n\n\n<p>Beltr\u00e1n Cris\u00f3stomo expres\u00f3 que para \u00e9l es un placer presidir el reconocimiento institucional que cada a\u00f1o realizamos a nuestras secretarias.<\/p>\n\n\n\n<p>Destac\u00f3 que en base a los reglamentos&nbsp; de elecci\u00f3n de la Secretaria del A\u00f1o se toma en cuenta \u201cel compromiso, el apego a las normas institucionales y la calidad del servicio que d\u00eda a d\u00eda presta a nuestra Universidad\u201d.<\/p>\n\n\n\n<p>De su lado, el director general de Recursos Humanos, Francisco Terrero Galarza, felicit\u00f3 a las secretarias en su d\u00eda calific\u00e1ndolas como distinguidas y sobresalientes, por la importante labor que desempe\u00f1an, al tiempo que manifest\u00f3 que el t\u00e9rmino de secretaria queda rezagado frente a las diferentes funciones que ella desempe\u00f1a con un perfil poli funcional, tales como asistente, orientadoras, gu\u00edas, entre otras importantes funciones profesionales.<\/p>\n\n\n\n<p>Terrero Galarza expres\u00f3 que, a pesar de ser un acto sencillo y simplificado, no deja de ser solemne para las compa\u00f1eras galardonadas, y dedic\u00f3 unos versos donde exalta la importante y destacada labor de las secretarias.<\/p>\n\n\n\n<p><strong>Reconocimientos otorgados<\/strong><\/p>\n\n\n\n<p>Los reconocimientos fueron entregados a las secretarias por el subdirector Administrativo, maestro Rafael Veras, del Recinto de Santiago, as\u00ed como una comisi\u00f3n de Recursos Audiovisuales, encabezada por Rom\u00e1n Castillo y Yaneiro Montero, secretario general de ASODEMU, entre otros.<\/p>\n\n\n\n<p>Tras la entrega del certificado de reconocimiento a las secretarias galardonadas, las autoridades hicieron entrega de un premio en met\u00e1lico y posaron con las homenajeadas, para&nbsp; luego pasar a disfrutar y compartir un variado almuerzo en su honor.<\/p>\n\n\n\n<p>Durante el encuentro fueron distinguidas tres secretarias&nbsp; con la entrega a cada&nbsp; una de ellas de certificados de reconocimientos, la asignaci\u00f3n de una letra en su expediente \u2013incentivo salarial-, lo que equivale a un premio met\u00e1lico por la calidad del servicio que ofrecieron durante el a\u00f1o 2025 en la UASD.<\/p>\n\n\n\n<p>El primer lugar de las secretarias del a\u00f1o 2025 recay\u00f3 sobre Eduarda G\u00f3mez Reyes, el segundo lugar fue otorgado a Rosanna del Carmen Grull\u00f3n y tercer lugar Ana Victoria Almonte Rodr\u00edguez.<\/p>\n\n\n\n<p>La actividad cont\u00f3 con la presencia del vicerrector Administrativo, maestro Ram\u00f3n Desangles Flores; los licenciados Isabel Ulloa, directora de Recursos Humanos Administrativo y Jos\u00e9 del Rosario Cuevas, presidente de la Asociaci\u00f3n de Empleados Universitarios (ASODEMU).<\/p>\n\n\n\n<p><strong><u>Pies de fotos<\/u><\/strong><\/p>\n\n\n\n<p>1-El rector de la UASD, Editrudis Beltr\u00e1n Cris\u00f3stomo, junto al vicerrector Administrativo, Ram\u00f3n Desangles Flores; el director de Recursos Humanos General, Francisco Galarza Terrero; la directora de Recursos Humanos Administrativo, Isabel Ulloa y el presidente de Asodemu, Pedro Rosario durante el&nbsp; acto en que reconocieron a tres secretarias, como parte de la celebraci\u00f3n del D\u00eda de las Secretaria.<\/p>\n\n\n\n<p>-Las secretarias de la UASD reconocidas,&nbsp; Eduarda G\u00f3mez Reyes, Rosanna del Carmen Grull\u00f3n y Ana Victoria Almonte Rodr\u00edguez.<\/p>\n\n\n\n<p>3-Las homenajeadas y reconocidas secretarias con las autoridades de la UASD, el rector , Editrudis Beltr\u00e1n Cris\u00f3stomo; el vicerrector Administrativo, Ram\u00f3n Desangles Flores; el director de Recursos Humanos General, Francisco Galarza Terrero y el presidente&nbsp; de Asodemu, Pedro Rosario.<\/p>\n\n\n\n<p><strong>Relaciones P\u00fablicas<\/strong> UASD<\/p>\n","protected":false},"excerpt":{"rendered":"<p>diariodominicano.com Santo Domingo, R. D., 1 de mayo, 2026.- La Universidad Aut\u00f3noma de Santo Domingo (UASD) conmemor\u00f3 el D\u00eda de la Secretaria, otorgando reconocimientos a algunas colaboradoras distinguidas, durante un acto encabezado por el rector, maestro Editrudis Beltr\u00e1n Cris\u00f3stomo, realizado en el sal\u00f3n del Consejo Universitario. El rector, al felicitar a las secretarias uasdianas, exalt\u00f3 [&hellip;]<\/p>\n","protected":false},"author":5,"featured_media":676327,"comment_status":"closed","ping_status":"closed","sticky":false,"template":"","format":"standard","meta":{"footnotes":""},"categories":[20,27],"tags":[],"class_list":["post-676326","post","type-post","status-publish","format-standard","has-post-thumbnail","hentry","category-dominicana-hoy","category-portada"],"_links":{"self":[{"href":"https:\/\/diariodominicano.com\/index.php?rest_route=\/wp\/v2\/posts\/676326","targetHints":{"allow":["GET"]}}],"collection":[{"href":"https:\/\/diariodominicano.com\/index.php?rest_route=\/wp\/v2\/posts"}],"about":[{"href":"https:\/\/diariodominicano.com\/index.php?rest_route=\/wp\/v2\/types\/post"}],"author":[{"embeddable":true,"href":"https:\/\/diariodominicano.com\/index.php?rest_route=\/wp\/v2\/users\/5"}],"replies":[{"embeddable":true,"href":"https:\/\/diariodominicano.com\/index.php?rest_route=%2Fwp%2Fv2%2Fcomments&post=676326"}],"version-history":[{"count":1,"href":"https:\/\/diariodominicano.com\/index.php?rest_route=\/wp\/v2\/posts\/676326\/revisions"}],"predecessor-version":[{"id":676328,"href":"https:\/\/diariodominicano.com\/index.php?rest_route=\/wp\/v2\/posts\/676326\/revisions\/676328"}],"wp:featuredmedia":[{"embeddable":true,"href":"https:\/\/diariodominicano.com\/index.php?rest_route=\/wp\/v2\/media\/676327"}],"wp:attachment":[{"href":"https:\/\/diariodominicano.com\/index.php?rest_route=%2Fwp%2Fv2%2Fmedia&parent=676326"}],"wp:term":[{"taxonomy":"category","embeddable":true,"href":"https:\/\/diariodominicano.com\/index.php?rest_route=%2Fwp%2Fv2%2Fcategories&post=676326"},{"taxonomy":"post_tag","embeddable":true,"href":"https:\/\/diariodominicano.com\/index.php?rest_route=%2Fwp%2Fv2%2Ftags&post=676326"}],"curies":[{"name":"wp","href":"https:\/\/api.w.org\/{rel}","templated":true}]}}