{"id":676322,"date":"2026-05-01T14:32:35","date_gmt":"2026-05-01T18:32:35","guid":{"rendered":"https:\/\/diariodominicano.com\/?p=676322"},"modified":"2026-05-01T14:32:47","modified_gmt":"2026-05-01T18:32:47","slug":"africa-occidental-grupos-armados-toman-control-de-campamento-tessalit-en-mali","status":"publish","type":"post","link":"https:\/\/diariodominicano.com\/?p=676322","title":{"rendered":"\u00c1frica Occidental, Grupos armados toman control de campamento Tessalit en Mali"},"content":{"rendered":"\n<p>diariodominicano.com<\/p>\n\n\n\n<p>BAMAKO, 1 may (Xinhua) &#8212; El campamento Tessalit, en el norte de Mali, cay\u00f3 bajo control de grupos armados hoy viernes, de acuerdo con fuentes locales. El ej\u00e9rcito de Mali no emiti\u00f3 ninguna confirmaci\u00f3n inmediata, y el Estado Mayor General tampoco ha publicado ning\u00fan comunicado sobre la situaci\u00f3n hasta el momento. Testigos reportaron bloqueos temporales en algunas carreteras que conectan Bamako con otras ciudades importantes. Los medios locales indicaron que las rutas afectadas inclu\u00edan a Bamako-Kouremale, Bamako-Segou, Bamako-Ouelessebougou, Bamako-Kita y Koutiala-Konseguela. Este hecho ocurri\u00f3 d\u00edas despu\u00e9s de que se lanzaran ataques coordinados en diversas partes de Mali el 25 de abril.<\/p>\n","protected":false},"excerpt":{"rendered":"<p>diariodominicano.com BAMAKO, 1 may (Xinhua) &#8212; El campamento Tessalit, en el norte de Mali, cay\u00f3 bajo control de grupos armados hoy viernes, de acuerdo con fuentes locales. El ej\u00e9rcito de Mali no emiti\u00f3 ninguna confirmaci\u00f3n inmediata, y el Estado Mayor General tampoco ha publicado ning\u00fan comunicado sobre la situaci\u00f3n hasta el momento. Testigos reportaron bloqueos [&hellip;]<\/p>\n","protected":false},"author":5,"featured_media":676324,"comment_status":"closed","ping_status":"closed","sticky":false,"template":"","format":"standard","meta":{"footnotes":""},"categories":[23,27],"tags":[],"class_list":["post-676322","post","type-post","status-publish","format-standard","has-post-thumbnail","hentry","category-internacional","category-portada"],"_links":{"self":[{"href":"https:\/\/diariodominicano.com\/index.php?rest_route=\/wp\/v2\/posts\/676322","targetHints":{"allow":["GET"]}}],"collection":[{"href":"https:\/\/diariodominicano.com\/index.php?rest_route=\/wp\/v2\/posts"}],"about":[{"href":"https:\/\/diariodominicano.com\/index.php?rest_route=\/wp\/v2\/types\/post"}],"author":[{"embeddable":true,"href":"https:\/\/diariodominicano.com\/index.php?rest_route=\/wp\/v2\/users\/5"}],"replies":[{"embeddable":true,"href":"https:\/\/diariodominicano.com\/index.php?rest_route=%2Fwp%2Fv2%2Fcomments&post=676322"}],"version-history":[{"count":1,"href":"https:\/\/diariodominicano.com\/index.php?rest_route=\/wp\/v2\/posts\/676322\/revisions"}],"predecessor-version":[{"id":676325,"href":"https:\/\/diariodominicano.com\/index.php?rest_route=\/wp\/v2\/posts\/676322\/revisions\/676325"}],"wp:featuredmedia":[{"embeddable":true,"href":"https:\/\/diariodominicano.com\/index.php?rest_route=\/wp\/v2\/media\/676324"}],"wp:attachment":[{"href":"https:\/\/diariodominicano.com\/index.php?rest_route=%2Fwp%2Fv2%2Fmedia&parent=676322"}],"wp:term":[{"taxonomy":"category","embeddable":true,"href":"https:\/\/diariodominicano.com\/index.php?rest_route=%2Fwp%2Fv2%2Fcategories&post=676322"},{"taxonomy":"post_tag","embeddable":true,"href":"https:\/\/diariodominicano.com\/index.php?rest_route=%2Fwp%2Fv2%2Ftags&post=676322"}],"curies":[{"name":"wp","href":"https:\/\/api.w.org\/{rel}","templated":true}]}}