{"id":676316,"date":"2026-05-01T14:02:45","date_gmt":"2026-05-01T18:02:45","guid":{"rendered":"https:\/\/diariodominicano.com\/?p=676316"},"modified":"2026-05-01T14:03:39","modified_gmt":"2026-05-01T18:03:39","slug":"ministros-de-defensa-y-de-la-presidencia-realizan-recorrido-estrategico-por-carretera-internacional-para-fortalecer-seguridad-y-desarrollo-en-la-frontera","status":"publish","type":"post","link":"https:\/\/diariodominicano.com\/?p=676316","title":{"rendered":"Ministros de Defensa y de la Presidencia realizan recorrido estrat\u00e9gico por carretera Internacional para fortalecer seguridad y desarrollo en la frontera"},"content":{"rendered":"\n<p>diariodominicano.com<\/p>\n\n\n\n<p>Santo Domingo, R. D., 1 de mayo, 2026.-  El ministro de Defensa, teniente general Carlos Antonio Fern\u00e1ndez Onofre, ERD., realiz\u00f3 un recorrido de supervisi\u00f3n por la l\u00ednea fronteriza acompa\u00f1ado por el ministro de la Presidencia, Jos\u00e9 Ignacio Paliza, y el comandante general del Ej\u00e9rcito de Rep\u00fablica Dominicana, mayor general Jorge Iv\u00e1n Camino P\u00e9rez, ERD.<\/p>\n\n\n\n<p>El recorrido se desarroll\u00f3 a lo largo de la carretera Internacional que divide la Rep\u00fablica Dominicana de la Rep\u00fablica de Hait\u00ed, abarcando el tramo comprendido desde el municipio de Pedro Santana, en la provincia El\u00edas Pi\u00f1a, hasta Villa Anacaona, en la provincia de Dajab\u00f3n.<\/p>\n\n\n\n<p>El objetivo principal fue constatar de primera mano la din\u00e1mica cotidiana de convivencia entre los ciudadanos de ambas naciones, as\u00ed como verificar en el terreno las acciones que ejecutan los organismos de seguridad desplegados en la zona fronteriza, de manera especial las unidades del Ej\u00e9rcito de Rep\u00fablica Dominicana, responsables de la vigilancia y control territorial.<\/p>\n\n\n\n<p>Este desplazamiento reviste un alto valor estrat\u00e9gico, al permitir a las autoridades evaluar directamente las condiciones operativas, sociales y comerciales de la franja fronteriza, facilitando la toma de decisiones orientadas a fortalecer la seguridad, la estabilidad y el desarrollo integral de estas comunidades.<\/p>\n\n\n\n<p>Asimismo, el recorrido sirvi\u00f3 para dar seguimiento a las iniciativas que se proyectan implementar con miras a mejorar la din\u00e1mica comercial y la convivencia en el \u00e1rea de Tilori, punto clave para el intercambio econ\u00f3mico binacional y la interacci\u00f3n ordenada entre ambas poblaciones.<\/p>\n\n\n\n<p>Durante la jornada, tambi\u00e9n participaron el director del Cuerpo Especializado en Seguridad Fronteriza Terrestre (CESFRONT), el supervisor de los trabajos de construcci\u00f3n de la verja perimetral inteligente, as\u00ed como los comandantes de la 4ta. y 3ra. brigadas de infanter\u00eda del Ej\u00e9rcito de Rep\u00fablica Dominicana.<\/p>\n\n\n\n<p>Las autoridades reafirmaron el firme inter\u00e9s del Gobierno dominicano en continuar impulsando acciones que contribuyan al desarrollo socioecon\u00f3mico de la zona fronteriza, garantizando al mismo tiempo un entorno seguro, estable y propicio para sus habitantes.<\/p>\n\n\n\n<p>En ese sentido, el Ministerio de Defensa destac\u00f3 el compromiso inquebrantable de las Fuerzas Armadas de la Rep\u00fablica Dominicana con el cumplimiento de su sagrada misi\u00f3n de defender la soberan\u00eda nacional, preservar la integridad territorial y apoyar las pol\u00edticas p\u00fablicas orientadas al bienestar de la poblaci\u00f3n.<\/p>\n\n\n\n<p>El recorrido evidencia la voluntad del Estado de mantener una presencia activa y permanente en la frontera, promoviendo un equilibrio entre seguridad, desarrollo y convivencia pac\u00edfica, en beneficio de la naci\u00f3n.<\/p>\n\n\n\n<p><strong><em>Departamento de Prensa<\/em><\/strong><\/p>\n\n\n\n<p><em><strong>Direcci\u00f3n de Asuntos Civiles del Estado Mayor Conjunto, J5<\/strong><\/em><\/p>\n\n\n\n<p><em><strong>Ministerio de Defensa de Rep\u00fablica Dominicana<\/strong><\/em><\/p>\n","protected":false},"excerpt":{"rendered":"<p>diariodominicano.com Santo Domingo, R. D., 1 de mayo, 2026.- El ministro de Defensa, teniente general Carlos Antonio Fern\u00e1ndez Onofre, ERD., realiz\u00f3 un recorrido de supervisi\u00f3n por la l\u00ednea fronteriza acompa\u00f1ado por el ministro de la Presidencia, Jos\u00e9 Ignacio Paliza, y el comandante general del Ej\u00e9rcito de Rep\u00fablica Dominicana, mayor general Jorge Iv\u00e1n Camino P\u00e9rez, ERD. [&hellip;]<\/p>\n","protected":false},"author":5,"featured_media":676317,"comment_status":"closed","ping_status":"closed","sticky":false,"template":"","format":"standard","meta":{"footnotes":""},"categories":[20,27],"tags":[],"class_list":["post-676316","post","type-post","status-publish","format-standard","has-post-thumbnail","hentry","category-dominicana-hoy","category-portada"],"_links":{"self":[{"href":"https:\/\/diariodominicano.com\/index.php?rest_route=\/wp\/v2\/posts\/676316","targetHints":{"allow":["GET"]}}],"collection":[{"href":"https:\/\/diariodominicano.com\/index.php?rest_route=\/wp\/v2\/posts"}],"about":[{"href":"https:\/\/diariodominicano.com\/index.php?rest_route=\/wp\/v2\/types\/post"}],"author":[{"embeddable":true,"href":"https:\/\/diariodominicano.com\/index.php?rest_route=\/wp\/v2\/users\/5"}],"replies":[{"embeddable":true,"href":"https:\/\/diariodominicano.com\/index.php?rest_route=%2Fwp%2Fv2%2Fcomments&post=676316"}],"version-history":[{"count":3,"href":"https:\/\/diariodominicano.com\/index.php?rest_route=\/wp\/v2\/posts\/676316\/revisions"}],"predecessor-version":[{"id":676321,"href":"https:\/\/diariodominicano.com\/index.php?rest_route=\/wp\/v2\/posts\/676316\/revisions\/676321"}],"wp:featuredmedia":[{"embeddable":true,"href":"https:\/\/diariodominicano.com\/index.php?rest_route=\/wp\/v2\/media\/676317"}],"wp:attachment":[{"href":"https:\/\/diariodominicano.com\/index.php?rest_route=%2Fwp%2Fv2%2Fmedia&parent=676316"}],"wp:term":[{"taxonomy":"category","embeddable":true,"href":"https:\/\/diariodominicano.com\/index.php?rest_route=%2Fwp%2Fv2%2Fcategories&post=676316"},{"taxonomy":"post_tag","embeddable":true,"href":"https:\/\/diariodominicano.com\/index.php?rest_route=%2Fwp%2Fv2%2Ftags&post=676316"}],"curies":[{"name":"wp","href":"https:\/\/api.w.org\/{rel}","templated":true}]}}