{"id":676309,"date":"2026-05-01T13:55:26","date_gmt":"2026-05-01T17:55:26","guid":{"rendered":"https:\/\/diariodominicano.com\/?p=676309"},"modified":"2026-05-01T13:55:35","modified_gmt":"2026-05-01T17:55:35","slug":"republica-dominicana-reunio-a-lideres-de-la-ue-y-celac-en-cumbre-sobre-drogas","status":"publish","type":"post","link":"https:\/\/diariodominicano.com\/?p=676309","title":{"rendered":"Rep\u00fablica Dominicana reuni\u00f3 a l\u00edderes de la UE y Celac en cumbre sobre drogas"},"content":{"rendered":"\n<p>diariodominicano.com<\/p>\n\n\n\n<p>Santo Domingo, R. D.,  1 de mayo, 2026.- Punta Cana.\u2013&nbsp;La Rep\u00fablica Dominicana acogi\u00f3 en Punta Cana, la&nbsp;<strong>XXVI Reuni\u00f3n de Alto Nivel del Mecanismo de Coordinaci\u00f3n y Cooperaci\u00f3n<\/strong>&nbsp;entre la Uni\u00f3n Europea (UE) y la&nbsp;<strong>Comunidad de Estados Latinoamericanos<\/strong>&nbsp;y&nbsp;Caribe\u00f1os&nbsp;(Celac) en materia de drogas, consolid\u00e1ndose como un espacio clave para el&nbsp;<strong>di\u00e1logo pol\u00edtico birregional<\/strong>&nbsp;frente a este desaf\u00edo global.&nbsp;<\/p>\n\n\n\n<p>Este encuentro, conocido como&nbsp;<strong>Reuni\u00f3n de Alto Nivel UE\u2013<\/strong><strong>Celac<\/strong>&nbsp;sobre drogas (RAN), constituy\u00f3 el principal foro pol\u00edtico de articulaci\u00f3n entre ambas regiones, donde se definieron prioridades estrat\u00e9gicas y se promovieron&nbsp;<strong>respuestas conjuntas, equilibradas e integrales&nbsp;<\/strong>ante los retos emergentes en esta materia.&nbsp;<\/p>\n\n\n\n<p>En el marco de este mecanismo, el pa\u00eds tambi\u00e9n fue sede de la reuni\u00f3n anual de&nbsp;<strong>Copolad<\/strong><strong>&nbsp;III<\/strong>, el programa regional de cooperaci\u00f3n birregional entre&nbsp;<strong>Am\u00e9rica Latina, el Caribe y la Uni\u00f3n Europea<\/strong>&nbsp;en pol\u00edticas de drogas.&nbsp;<\/p>\n\n\n\n<p>El encuentro reuni\u00f3 a autoridades de alto nivel de ambos bloques, incluidos ministros, viceministros, jefes de agencias especializadas y representantes de organismos internacionales, con el prop\u00f3sito de impulsar&nbsp;<strong>respuestas coordinadas<\/strong>&nbsp;basadas en la evidencia, con enfoque de&nbsp;<strong>salud p\u00fablica, derechos humanos y seguridad ciudadana<\/strong>.&nbsp;<\/p>\n\n\n\n<p>La sesi\u00f3n inaugural de la RAN estuvo encabezada por la ministra de Interior y Polic\u00eda,&nbsp;<strong>Faride&nbsp;<\/strong><strong>Raful<\/strong>, en su calidad de copresidenta por&nbsp;Celac, junto con su hom\u00f3logo europeo,&nbsp;<strong>Christos<\/strong><strong>&nbsp;Mina<\/strong>, y la directora general adjunta de la Direcci\u00f3n General de Alianzas Internacionales de la Comisi\u00f3n Europea,&nbsp;<strong>Myriam Ferr\u00e1n<\/strong>,&nbsp;&nbsp;<\/p>\n\n\n\n<p>En la actividad tambi\u00e9n estuvieron el\u00a0<strong>vicealmirante Jos\u00e9 Manuel Cabrera Ulloa<\/strong>, presidente de la Direcci\u00f3n Nacional de Control de Drogas (DNCD); la procuradora general de la Rep\u00fablica,\u00a0<strong>Yeni\u00a0Berenice Reynoso G\u00f3mez<\/strong>, y el mayor general\u00a0<strong>Andr\u00e9s Modesto Cruz\u00a0Cruz,<\/strong>\u00a0director general de la Polic\u00eda Nacional.\u00a0<\/p>\n\n\n\n<p><em>\u201cEsta reuni\u00f3n nos permitir\u00e1 intercambiar experiencias de \u00e9xito concretas en la implementaci\u00f3n de la Declaraci\u00f3n de La Paz, as\u00ed como reflexionar sobre el fortalecimiento de nuestro mecanismo, con miras a hacerlo m\u00e1s eficaz, din\u00e1mico y orientado a resultados\u201d,<\/em>&nbsp;expres\u00f3 la ministra.&nbsp;<\/p>\n\n\n\n<p>Adem\u00e1s, afirm\u00f3 que el valor de este mecanismo radica precisamente en su capacidad de&nbsp;<strong>articular visiones diversas<\/strong>&nbsp;en torno a objetivos comunes.&nbsp;<\/p>\n\n\n\n<p>La agenda incluy\u00f3 dos debates tem\u00e1ticos centrales. El primero abord\u00f3 el impacto de las&nbsp;<strong>nuevas tecnolog\u00edas<\/strong>&nbsp;en las din\u00e1micas del&nbsp;<strong>narcotr\u00e1fico y el consumo<\/strong>, analizando tanto el uso de herramientas digitales por organizaciones criminales como su potencial para la&nbsp;<strong>prevenci\u00f3n y la reducci\u00f3n<\/strong>&nbsp;de la demanda. El segundo se centr\u00f3 en el seguimiento de los&nbsp;<strong>flujos financieros il\u00edcitos<\/strong>&nbsp;y el fortalecimiento del ciclo de recuperaci\u00f3n de activos, incluida su reutilizaci\u00f3n con fines sociales para promover la&nbsp;<strong>resiliencia comunitaria<\/strong>&nbsp;y reducir el poder del narcotr\u00e1fico.&nbsp;<\/p>\n\n\n\n<p>Asimismo, se presentaron los avances en la implementaci\u00f3n de las prioridades de la&nbsp;<strong>Declaraci\u00f3n de La Paz<\/strong>. Estos espacios buscaron fortalecer el&nbsp;<strong>Mecanismo UE\u2013CELAC<\/strong>&nbsp;como plataforma estrat\u00e9gica de coordinaci\u00f3n y su articulaci\u00f3n con iniciativas de cooperaci\u00f3n como&nbsp;Copolad&nbsp;III.&nbsp;<\/p>\n\n\n\n<p>La reuni\u00f3n concluy\u00f3 con la aprobaci\u00f3n del&nbsp;<strong>Documento de Resultados y del Informe Anual del Mecanismo<\/strong>, as\u00ed como con el traspaso de la&nbsp;<strong>copresidencia por parte de&nbsp;<\/strong><strong>Celac<\/strong><strong>&nbsp;a Per\u00fa<\/strong>, marcando el inicio de un nuevo ciclo de trabajo conjunto entre ambas regiones.&nbsp;<\/p>\n\n\n\n<p>Con la celebraci\u00f3n de este evento, la Rep\u00fablica Dominicana reafirm\u00f3 su compromiso con el&nbsp;<strong>abordaje integral del problema mundial de las drogas<\/strong>&nbsp;y fortaleci\u00f3 su posicionamiento como actor relevante en la&nbsp;<strong>agenda internacional<\/strong>, consolid\u00e1ndose como puente de di\u00e1logo entre la Uni\u00f3n Europea, Am\u00e9rica Latina y el Caribe.&nbsp;<\/p>\n\n\n\n<p><a href=\"https:\/\/presidencia.gob.do\/taxonomy\/term\/91\">MIP<\/a><\/p>\n","protected":false},"excerpt":{"rendered":"<p>diariodominicano.com Santo Domingo, R. D., 1 de mayo, 2026.- Punta Cana.\u2013&nbsp;La Rep\u00fablica Dominicana acogi\u00f3 en Punta Cana, la&nbsp;XXVI Reuni\u00f3n de Alto Nivel del Mecanismo de Coordinaci\u00f3n y Cooperaci\u00f3n&nbsp;entre la Uni\u00f3n Europea (UE) y la&nbsp;Comunidad de Estados Latinoamericanos&nbsp;y&nbsp;Caribe\u00f1os&nbsp;(Celac) en materia de drogas, consolid\u00e1ndose como un espacio clave para el&nbsp;di\u00e1logo pol\u00edtico birregional&nbsp;frente a este desaf\u00edo global.&nbsp; Este [&hellip;]<\/p>\n","protected":false},"author":5,"featured_media":676311,"comment_status":"closed","ping_status":"closed","sticky":false,"template":"","format":"standard","meta":{"footnotes":""},"categories":[20,27],"tags":[],"class_list":["post-676309","post","type-post","status-publish","format-standard","has-post-thumbnail","hentry","category-dominicana-hoy","category-portada"],"_links":{"self":[{"href":"https:\/\/diariodominicano.com\/index.php?rest_route=\/wp\/v2\/posts\/676309","targetHints":{"allow":["GET"]}}],"collection":[{"href":"https:\/\/diariodominicano.com\/index.php?rest_route=\/wp\/v2\/posts"}],"about":[{"href":"https:\/\/diariodominicano.com\/index.php?rest_route=\/wp\/v2\/types\/post"}],"author":[{"embeddable":true,"href":"https:\/\/diariodominicano.com\/index.php?rest_route=\/wp\/v2\/users\/5"}],"replies":[{"embeddable":true,"href":"https:\/\/diariodominicano.com\/index.php?rest_route=%2Fwp%2Fv2%2Fcomments&post=676309"}],"version-history":[{"count":1,"href":"https:\/\/diariodominicano.com\/index.php?rest_route=\/wp\/v2\/posts\/676309\/revisions"}],"predecessor-version":[{"id":676312,"href":"https:\/\/diariodominicano.com\/index.php?rest_route=\/wp\/v2\/posts\/676309\/revisions\/676312"}],"wp:featuredmedia":[{"embeddable":true,"href":"https:\/\/diariodominicano.com\/index.php?rest_route=\/wp\/v2\/media\/676311"}],"wp:attachment":[{"href":"https:\/\/diariodominicano.com\/index.php?rest_route=%2Fwp%2Fv2%2Fmedia&parent=676309"}],"wp:term":[{"taxonomy":"category","embeddable":true,"href":"https:\/\/diariodominicano.com\/index.php?rest_route=%2Fwp%2Fv2%2Fcategories&post=676309"},{"taxonomy":"post_tag","embeddable":true,"href":"https:\/\/diariodominicano.com\/index.php?rest_route=%2Fwp%2Fv2%2Ftags&post=676309"}],"curies":[{"name":"wp","href":"https:\/\/api.w.org\/{rel}","templated":true}]}}