{"id":676307,"date":"2026-05-01T18:36:15","date_gmt":"2026-05-01T22:36:15","guid":{"rendered":"https:\/\/diariodominicano.com\/?p=676307"},"modified":"2026-05-01T18:36:27","modified_gmt":"2026-05-01T22:36:27","slug":"leonel-fernandez-recibe-en-funglode-a-jorge-asjana-candidato-a-rector-de-la-uasd","status":"publish","type":"post","link":"https:\/\/diariodominicano.com\/?p=676307","title":{"rendered":"Leonel Fern\u00e1ndez recibe en Funglode a Jorge Asjana, candidato a rector de la UASD"},"content":{"rendered":"\n<p>El encuentro se produce tras el respaldo de las estructuras profesoral, estudiantil y administrativa de la Fuerza del Pueblo en la UASD de cara a las elecciones del 17 de junio.<\/p>\n\n\n\n<p>Santo Domingo.\u2013 El presidente del partido Fuerza del Pueblo (FP) y expresidente de la Rep\u00fablica, Leonel Fern\u00e1ndez, recibi\u00f3 en la Fundaci\u00f3n Global, Democracia y Desarrollo (Funglode) al aspirante a la Rector\u00eda de la Universidad Aut\u00f3noma de Santo Domingo (UASD), Jorge Asjana David, quien recibi\u00f3 el apoyo de los frentes de masas de la organizaci\u00f3n pol\u00edtica en una actividad realizada en el campus universitario.<\/p>\n\n\n\n<figure class=\"wp-block-image size-large\"><img loading=\"lazy\" decoding=\"async\" width=\"1024\" height=\"680\" src=\"https:\/\/diariodominicano.com\/wp-content\/uploads\/2026\/05\/Leonel-Fernandez-recibe-en-Funglode-a-Jorge-Asjana-candidato-rector-de-la-UASD-1024x680.jpg\" alt=\"\" class=\"wp-image-676373\" srcset=\"https:\/\/diariodominicano.com\/wp-content\/uploads\/2026\/05\/Leonel-Fernandez-recibe-en-Funglode-a-Jorge-Asjana-candidato-rector-de-la-UASD-1024x680.jpg 1024w, https:\/\/diariodominicano.com\/wp-content\/uploads\/2026\/05\/Leonel-Fernandez-recibe-en-Funglode-a-Jorge-Asjana-candidato-rector-de-la-UASD-300x199.jpg 300w, https:\/\/diariodominicano.com\/wp-content\/uploads\/2026\/05\/Leonel-Fernandez-recibe-en-Funglode-a-Jorge-Asjana-candidato-rector-de-la-UASD-768x510.jpg 768w, https:\/\/diariodominicano.com\/wp-content\/uploads\/2026\/05\/Leonel-Fernandez-recibe-en-Funglode-a-Jorge-Asjana-candidato-rector-de-la-UASD-816x542.jpg 816w, https:\/\/diariodominicano.com\/wp-content\/uploads\/2026\/05\/Leonel-Fernandez-recibe-en-Funglode-a-Jorge-Asjana-candidato-rector-de-la-UASD.jpg 1200w\" sizes=\"auto, (max-width: 1024px) 100vw, 1024px\" \/><\/figure>\n\n\n\n<p>El expresidente de la Rep\u00fablica Leonel Fern\u00e1ndez recibi\u00f3 al candidato a rector Jorge Asjana junto a los candidatos a vicerrectores, Juana Encarnaci\u00f3n, Antonio Ciriaco y Lorenzo Vargas (Lenchy), acompa\u00f1ados por la exministra del Ministerio de Educaci\u00f3n Superior, Ciencia y Tecnolog\u00eda (MESCyT) y titular de la Secretar\u00eda de Educaci\u00f3n Superior de la FP, Ligia Amada Melo.<\/p>\n\n\n\n<p>Este encuentro se llev\u00f3 a cabo despu\u00e9s de que las estructuras universitarias vinculadas a la Fuerza del Pueblo, entre ellas la Fuerza Profesoral Universitaria, la Vanguardia Estudiantil Dominicana (VED) y la Fuerza Administrativa Universitaria (FAU), formalizaran su apoyo conjunto al proyecto que encabeza Asjana a la Rector\u00eda de la Universidad Primada de Am\u00e9rica.<\/p>\n\n\n\n<p>En el acto de respaldo celebrado el pasado martes 28 de abril en el Paraninfo Dr. Ricardo Michel de la Facultad de Ciencias Econ\u00f3micas y Sociales (FCES), Melo explic\u00f3 las razones que llevaron a la organizaci\u00f3n a respaldar al candidato, destacando la necesidad de impulsar una gesti\u00f3n acad\u00e9mica capaz de responder a los desaf\u00edos actuales de la educaci\u00f3n superior.<\/p>\n\n\n\n<p>La reconocida acad\u00e9mica sostuvo que la UASD enfrenta importantes retos en el contexto de la sociedad del conocimiento, por lo que consider\u00f3 imprescindible que la instituci\u00f3n sea dirigida desde la Rector\u00eda con una visi\u00f3n estrat\u00e9gica, capacidad de gesti\u00f3n y compromiso con la calidad educativa.<\/p>\n\n\n\n<p>En ese sentido, cuestion\u00f3 la pol\u00edtica del gobierno de construir centros y subcentros universitarios sin estudios previos que determinen las demandas reales de formaci\u00f3n en cada regi\u00f3n del pa\u00eds, indicando que no todas las provincias presentan las mismas necesidades acad\u00e9micas y productivas.<\/p>\n\n\n\n<p>Asimismo, plante\u00f3 que una eventual gesti\u00f3n encabezada por Jorge Asjana David deber\u00e1 tomar en cuenta estas consideraciones para fortalecer la pertinencia de la oferta acad\u00e9mica de la universidad estatal.<\/p>\n\n\n\n<p>Melo defini\u00f3 al aspirante como un acad\u00e9mico con amplia trayectoria y capacidad probada, lo que, a su juicio, lo convierte en la opci\u00f3n id\u00f3nea para dirigir la UASD durante el per\u00edodo 2026-2030.<\/p>\n\n\n\n<p>Secretar\u00eda de Comunicaciones<br>Fuerza de Pueblo<\/p>\n","protected":false},"excerpt":{"rendered":"<p>El encuentro se produce tras el respaldo de las estructuras profesoral, estudiantil y administrativa de la Fuerza del Pueblo en la UASD de cara a las elecciones del 17 de junio. Santo Domingo.\u2013 El presidente del partido Fuerza del Pueblo (FP) y expresidente de la Rep\u00fablica, Leonel Fern\u00e1ndez, recibi\u00f3 en la Fundaci\u00f3n Global, Democracia y [&hellip;]<\/p>\n","protected":false},"author":7,"featured_media":676374,"comment_status":"closed","ping_status":"closed","sticky":false,"template":"","format":"standard","meta":{"footnotes":""},"categories":[20,22,27],"tags":[5827,131,336],"class_list":["post-676307","post","type-post","status-publish","format-standard","has-post-thumbnail","hentry","category-dominicana-hoy","category-politica","category-portada","tag-funglode-jorge-asjana","tag-leonel-fernandez","tag-uasd"],"_links":{"self":[{"href":"https:\/\/diariodominicano.com\/index.php?rest_route=\/wp\/v2\/posts\/676307","targetHints":{"allow":["GET"]}}],"collection":[{"href":"https:\/\/diariodominicano.com\/index.php?rest_route=\/wp\/v2\/posts"}],"about":[{"href":"https:\/\/diariodominicano.com\/index.php?rest_route=\/wp\/v2\/types\/post"}],"author":[{"embeddable":true,"href":"https:\/\/diariodominicano.com\/index.php?rest_route=\/wp\/v2\/users\/7"}],"replies":[{"embeddable":true,"href":"https:\/\/diariodominicano.com\/index.php?rest_route=%2Fwp%2Fv2%2Fcomments&post=676307"}],"version-history":[{"count":1,"href":"https:\/\/diariodominicano.com\/index.php?rest_route=\/wp\/v2\/posts\/676307\/revisions"}],"predecessor-version":[{"id":676375,"href":"https:\/\/diariodominicano.com\/index.php?rest_route=\/wp\/v2\/posts\/676307\/revisions\/676375"}],"wp:featuredmedia":[{"embeddable":true,"href":"https:\/\/diariodominicano.com\/index.php?rest_route=\/wp\/v2\/media\/676374"}],"wp:attachment":[{"href":"https:\/\/diariodominicano.com\/index.php?rest_route=%2Fwp%2Fv2%2Fmedia&parent=676307"}],"wp:term":[{"taxonomy":"category","embeddable":true,"href":"https:\/\/diariodominicano.com\/index.php?rest_route=%2Fwp%2Fv2%2Fcategories&post=676307"},{"taxonomy":"post_tag","embeddable":true,"href":"https:\/\/diariodominicano.com\/index.php?rest_route=%2Fwp%2Fv2%2Ftags&post=676307"}],"curies":[{"name":"wp","href":"https:\/\/api.w.org\/{rel}","templated":true}]}}