{"id":676302,"date":"2026-05-01T13:38:57","date_gmt":"2026-05-01T17:38:57","guid":{"rendered":"https:\/\/diariodominicano.com\/?p=676302"},"modified":"2026-05-01T13:39:08","modified_gmt":"2026-05-01T17:39:08","slug":"china-preve-mas-de-344-millones-de-viajes-interregionales-durante-la-primera-jornada-del-feriado-del-dia-de-los-trabajadores","status":"publish","type":"post","link":"https:\/\/diariodominicano.com\/?p=676302","title":{"rendered":"China prev\u00e9 m\u00e1s de 344 millones de viajes interregionales durante la primera jornada del feriado del D\u00eda de los Trabajadores"},"content":{"rendered":"\n<p>diariodominicano.com<\/p>\n\n\n\n<p>BEIJING, 1 may (Xinhua) &#8212; China estima que llevar\u00e1n a cabo m\u00e1s de 344 millones de viajes interregionales de pasajeros hoy viernes, en la primera jornada de las vacaciones del D\u00eda de los Trabajadores de este a\u00f1o. La cifra representa un aumento de 3,4 por ciento respecto al mismo per\u00edodo del a\u00f1o anterior, inform\u00f3 hoy viernes el Ministerio de Transporte. Se prev\u00e9 que los desplazamientos por carretera sumen 315,24 millones de viajes, lo que supone un incremento interanual del 3,2 por ciento. Por su parte, los ferrocarriles pronostican 24,8 millones de viajes de pasajeros, un 7,3 por ciento m\u00e1s que el a\u00f1o pasado, mientras que las v\u00edas navegables podr\u00edan registrar 1,73 millones de desplazamientos, un aumento del 4,9 por ciento. Sin embargo, se estima que los viajes a\u00e9reos sumar\u00e1n 2,33 millones de trayectos, lo que supone una disminuci\u00f3n del 0,7 por ciento respecto al mismo per\u00edodo del a\u00f1o anterior. Seg\u00fan las previsiones de la Administraci\u00f3n Nacional de Inmigraci\u00f3n, anunciadas el martes, se estima un promedio de 2,25 millones diarios y un pico de m\u00e1s de 2,4 millones en un solo d\u00eda en el flujo de pasajeros de entrada y salida. Las vacaciones del D\u00eda de los Trabajadores, que comienzan el 1 de mayo, se encuentran entre los per\u00edodos de mayor desplazamiento del a\u00f1o en China.<\/p>\n","protected":false},"excerpt":{"rendered":"<p>diariodominicano.com BEIJING, 1 may (Xinhua) &#8212; China estima que llevar\u00e1n a cabo m\u00e1s de 344 millones de viajes interregionales de pasajeros hoy viernes, en la primera jornada de las vacaciones del D\u00eda de los Trabajadores de este a\u00f1o. La cifra representa un aumento de 3,4 por ciento respecto al mismo per\u00edodo del a\u00f1o anterior, inform\u00f3 [&hellip;]<\/p>\n","protected":false},"author":5,"featured_media":676303,"comment_status":"closed","ping_status":"closed","sticky":false,"template":"","format":"standard","meta":{"footnotes":""},"categories":[23,27],"tags":[],"class_list":["post-676302","post","type-post","status-publish","format-standard","has-post-thumbnail","hentry","category-internacional","category-portada"],"_links":{"self":[{"href":"https:\/\/diariodominicano.com\/index.php?rest_route=\/wp\/v2\/posts\/676302","targetHints":{"allow":["GET"]}}],"collection":[{"href":"https:\/\/diariodominicano.com\/index.php?rest_route=\/wp\/v2\/posts"}],"about":[{"href":"https:\/\/diariodominicano.com\/index.php?rest_route=\/wp\/v2\/types\/post"}],"author":[{"embeddable":true,"href":"https:\/\/diariodominicano.com\/index.php?rest_route=\/wp\/v2\/users\/5"}],"replies":[{"embeddable":true,"href":"https:\/\/diariodominicano.com\/index.php?rest_route=%2Fwp%2Fv2%2Fcomments&post=676302"}],"version-history":[{"count":1,"href":"https:\/\/diariodominicano.com\/index.php?rest_route=\/wp\/v2\/posts\/676302\/revisions"}],"predecessor-version":[{"id":676304,"href":"https:\/\/diariodominicano.com\/index.php?rest_route=\/wp\/v2\/posts\/676302\/revisions\/676304"}],"wp:featuredmedia":[{"embeddable":true,"href":"https:\/\/diariodominicano.com\/index.php?rest_route=\/wp\/v2\/media\/676303"}],"wp:attachment":[{"href":"https:\/\/diariodominicano.com\/index.php?rest_route=%2Fwp%2Fv2%2Fmedia&parent=676302"}],"wp:term":[{"taxonomy":"category","embeddable":true,"href":"https:\/\/diariodominicano.com\/index.php?rest_route=%2Fwp%2Fv2%2Fcategories&post=676302"},{"taxonomy":"post_tag","embeddable":true,"href":"https:\/\/diariodominicano.com\/index.php?rest_route=%2Fwp%2Fv2%2Ftags&post=676302"}],"curies":[{"name":"wp","href":"https:\/\/api.w.org\/{rel}","templated":true}]}}