{"id":676298,"date":"2026-05-01T01:45:46","date_gmt":"2026-05-01T05:45:46","guid":{"rendered":"https:\/\/diariodominicano.com\/?p=676298"},"modified":"2026-05-01T01:48:03","modified_gmt":"2026-05-01T05:48:03","slug":"udesa-anuncia-xvii-gran-gala-anual-premios-infantil-y-juvenil-rafael-panchon-tejada","status":"publish","type":"post","link":"https:\/\/diariodominicano.com\/?p=676298","title":{"rendered":"UDESA anuncia XVII Gran Gala Anual Premios Infantil y Juvenil Rafael -Panch\u00f3n- Tejada"},"content":{"rendered":"\n<p><strong>Atletas, entidades, personalidades galardonadas e invitados especiales en el fastuoso evento del a\u00f1o pasado<\/strong><\/p>\n\n\n\n<p><strong><em>El martes 12 de mayo del 2026, desde las 6:30pm en el Sal\u00f3n Juan Pablo Duarte de la Alcald\u00eda de Santiago, UDESA galardonar\u00e1 a los mejores 76 atletas de 23 asociaciones afiliadas, as\u00ed como<\/em><\/strong><\/p>\n\n\n\n<p><strong><em>a la asociaci\u00f3n y el entrenador del a\u00f1o<\/em><\/strong><\/p>\n\n\n\n<p><strong>SANTIAGO DE LOS CABALLEROS, Santiago, Rep\u00fablica Dominicana (30-04-2026).-&nbsp;<\/strong>La Uni\u00f3n Deportiva de Santiago, Inc. (UDESA), anunci\u00f3 para el martes 12 de mayo de este 2026 desde las 6:30pm la XVII Gran Gala Anual Premios Infantil y Juvenil Rafael -Panch\u00f3n- Tejada, teniendo como escenario el Sal\u00f3n Juan Pablo Duarte, de la Alcald\u00eda de Santiago.<\/p>\n\n\n\n<p>La presidenta de esa instituci\u00f3n, Margarita J\u00e1quez, quien ofreci\u00f3 la informaci\u00f3n, apunt\u00f3 que, ser\u00e1n galardonados 76 atletas, masculinos y femeninos, as\u00ed como la asociaci\u00f3n m\u00e1s destacada del 2025 y el entrenador del a\u00f1o.<\/p>\n\n\n\n<p>Agreg\u00f3 que: \u201cUn total de 23 asociaciones afiliadas a UDESA participar\u00e1n en esta premiaci\u00f3n, reconociendo a sus atletas m\u00e1s sobresalientes, entre las disciplinas representadas se encuentran, ajedrez, arte y cultura, atletismo, balonmano, boxeo, ciclismo, deportes especiales, f\u00fatbol, gimnasia, hockey sobre c\u00e9sped, judo, karate, kickboxing, lucha ol\u00edmpica, nataci\u00f3n, patinaje, sambo, taekwondo, tenis de campo, tenis de mesa, tiro con arco y voleibol\u201d.<\/p>\n\n\n\n<p>Ser\u00e1n 76 atletas galardonados, mientras que, 15 entrenadores y la misma cantidad de asociaciones han sido postuladas para optar por los reconocimientos de entrenador y asociaci\u00f3n del a\u00f1o 2025.<\/p>\n\n\n\n<p>Destacando oficialmente la presencia del alcalde de Santiago, Ulises Rodr\u00edguez, anunci\u00f3 que, entre otras personalidades, fue invitado el ministro de deportes, Kelvin Cruz, repiti\u00f3 que, la actividad se llevar\u00e1 a cabo en el Sal\u00f3n Juan Pablo Duarte de la Alcald\u00eda de Santiago, escenario que reunir\u00e1 a autoridades deportivas, dirigentes, entrenadores, atletas y familiares, en una jornada dedicada a exaltar el deporte y sus protagonistas.<\/p>\n\n\n\n<p>Este evento reafirma el compromiso de UDESA con el desarrollo deportivo y la promoci\u00f3n de valores como la disciplina y la excelencia en la juventud santiaguera.<\/p>\n\n\n\n<p>Oscar Polanco<\/p>\n\n\n\n<p><a target=\"_blank\" href=\"mailto:oscarpolanco.santiagord@gmail.com\" rel=\"noreferrer noopener\">oscarpolanco.santiagord@gm<\/a><\/p>\n","protected":false},"excerpt":{"rendered":"<p>Atletas, entidades, personalidades galardonadas e invitados especiales en el fastuoso evento del a\u00f1o pasado El martes 12 de mayo del 2026, desde las 6:30pm en el Sal\u00f3n Juan Pablo Duarte de la Alcald\u00eda de Santiago, UDESA galardonar\u00e1 a los mejores 76 atletas de 23 asociaciones afiliadas, as\u00ed como a la asociaci\u00f3n y el entrenador del [&hellip;]<\/p>\n","protected":false},"author":2,"featured_media":0,"comment_status":"closed","ping_status":"closed","sticky":false,"template":"","format":"standard","meta":{"footnotes":""},"categories":[1],"tags":[],"class_list":["post-676298","post","type-post","status-publish","format-standard","hentry","category-editorial"],"_links":{"self":[{"href":"https:\/\/diariodominicano.com\/index.php?rest_route=\/wp\/v2\/posts\/676298","targetHints":{"allow":["GET"]}}],"collection":[{"href":"https:\/\/diariodominicano.com\/index.php?rest_route=\/wp\/v2\/posts"}],"about":[{"href":"https:\/\/diariodominicano.com\/index.php?rest_route=\/wp\/v2\/types\/post"}],"author":[{"embeddable":true,"href":"https:\/\/diariodominicano.com\/index.php?rest_route=\/wp\/v2\/users\/2"}],"replies":[{"embeddable":true,"href":"https:\/\/diariodominicano.com\/index.php?rest_route=%2Fwp%2Fv2%2Fcomments&post=676298"}],"version-history":[{"count":1,"href":"https:\/\/diariodominicano.com\/index.php?rest_route=\/wp\/v2\/posts\/676298\/revisions"}],"predecessor-version":[{"id":676299,"href":"https:\/\/diariodominicano.com\/index.php?rest_route=\/wp\/v2\/posts\/676298\/revisions\/676299"}],"wp:attachment":[{"href":"https:\/\/diariodominicano.com\/index.php?rest_route=%2Fwp%2Fv2%2Fmedia&parent=676298"}],"wp:term":[{"taxonomy":"category","embeddable":true,"href":"https:\/\/diariodominicano.com\/index.php?rest_route=%2Fwp%2Fv2%2Fcategories&post=676298"},{"taxonomy":"post_tag","embeddable":true,"href":"https:\/\/diariodominicano.com\/index.php?rest_route=%2Fwp%2Fv2%2Ftags&post=676298"}],"curies":[{"name":"wp","href":"https:\/\/api.w.org\/{rel}","templated":true}]}}