{"id":676291,"date":"2026-05-01T01:40:57","date_gmt":"2026-05-01T05:40:57","guid":{"rendered":"https:\/\/diariodominicano.com\/?p=676291"},"modified":"2026-05-01T01:42:36","modified_gmt":"2026-05-01T05:42:36","slug":"andersson-garcia-debuta-con-triple-doble-en-la-victoria-de-marineros-de-puerto-plata","status":"publish","type":"post","link":"https:\/\/diariodominicano.com\/?p=676291","title":{"rendered":"Andersson Garc\u00eda debuta con triple-doble en la victoria de Marineros de Puerto Plata"},"content":{"rendered":"\n<p>Andersson Garc\u00eda<\/p>\n\n\n\n<p>Enmanuel Omogbo, Tony Toney y Andre Fulgencio aportaron con cifras dobles en puntos<\/p>\n\n\n\n<figure class=\"wp-block-image size-large\"><img loading=\"lazy\" decoding=\"async\" width=\"683\" height=\"1024\" src=\"https:\/\/diariodominicano.com\/wp-content\/uploads\/2026\/05\/Andres-Fulgencio-2-683x1024.jpeg\" alt=\"\" class=\"wp-image-676293\" srcset=\"https:\/\/diariodominicano.com\/wp-content\/uploads\/2026\/05\/Andres-Fulgencio-2-683x1024.jpeg 683w, https:\/\/diariodominicano.com\/wp-content\/uploads\/2026\/05\/Andres-Fulgencio-2-200x300.jpeg 200w, https:\/\/diariodominicano.com\/wp-content\/uploads\/2026\/05\/Andres-Fulgencio-2-768x1151.jpeg 768w, https:\/\/diariodominicano.com\/wp-content\/uploads\/2026\/05\/Andres-Fulgencio-2-816x1223.jpeg 816w, https:\/\/diariodominicano.com\/wp-content\/uploads\/2026\/05\/Andres-Fulgencio-2.jpeg 854w\" sizes=\"auto, (max-width: 683px) 100vw, 683px\" \/><\/figure>\n\n\n\n<p>Andr\u00e9s Fulgencio<\/p>\n\n\n\n<p>PUERTO PLATA \u2013 En una noche espectacular, el estelar Andersson Garc\u00eda tuvo un debut so\u00f1ado con los Marineros de Puerto Plata en este 2026, al marcar un triple doble y liderar al equipo a una victoria contundente sobre los Soles del Este 94 por 75.<\/p>\n\n\n\n<p>Garc\u00eda, quien recientemente se uni\u00f3 al conjunto de la \u00abNovia del Atl\u00e1ntico\u00bb, mostr\u00f3 su total versatilidad en la cancha al registrar un impresionante triple-doble de 14 puntos, 15 rebotes y 13 asistencias, convirti\u00e9ndose de inmediato en el eje central del esquema ofensivo y defensivo de los Marineros.&nbsp;<\/p>\n\n\n\n<figure class=\"wp-block-image size-large\"><img loading=\"lazy\" decoding=\"async\" width=\"683\" height=\"1024\" src=\"https:\/\/diariodominicano.com\/wp-content\/uploads\/2026\/05\/Enmanuel-Omogbo-683x1024.jpeg\" alt=\"\" class=\"wp-image-676295\" srcset=\"https:\/\/diariodominicano.com\/wp-content\/uploads\/2026\/05\/Enmanuel-Omogbo-683x1024.jpeg 683w, https:\/\/diariodominicano.com\/wp-content\/uploads\/2026\/05\/Enmanuel-Omogbo-200x300.jpeg 200w, https:\/\/diariodominicano.com\/wp-content\/uploads\/2026\/05\/Enmanuel-Omogbo-768x1151.jpeg 768w, https:\/\/diariodominicano.com\/wp-content\/uploads\/2026\/05\/Enmanuel-Omogbo-816x1223.jpeg 816w, https:\/\/diariodominicano.com\/wp-content\/uploads\/2026\/05\/Enmanuel-Omogbo.jpeg 854w\" sizes=\"auto, (max-width: 683px) 100vw, 683px\" \/><\/figure>\n\n\n\n<p>Enmanuel Omogbo<\/p>\n\n\n\n<p>El triunfo de los Marineros no solo destaca por el brillo individual de Garc\u00eda, sino por el dominio colectivo mostrado por Enmanuel Omogbo con 21 puntos y 7 rebotes, Tony Toney anot\u00f3 14 unidades y 3 triples y Andre Fulgencio contribuy\u00f3 con 11 tantos ante un equipo de Soles que no encontr\u00f3 respuesta al ritmo fren\u00e9tico impuesto por los puertoplate\u00f1os desde el tercer cuarto donde iniciaron una corrida 14-4.\u00a0<\/p>\n\n\n\n<p>El juego poco ego\u00edsta y la excelente rotaci\u00f3n de bal\u00f3n con 25 asistencias, unidos a una apretada defensa, fueron claves para limitar a Soles en la segunda mitad a solo 34 puntos y 75 en todo el partido.<\/p>\n\n\n\n<p>Con este resultado, el equipo env\u00eda un mensaje claro al resto de la liga sobre sus aspiraciones al t\u00edtulo esta temporada.<\/p>\n\n\n\n<p>Los Marineros de Puerto Plata viajan el s\u00e1bado a San Crist\u00f3bal para enfrentar a Titanes, buscando mantener el impulso generado por esta imponente victoria<\/p>\n\n\n\n<p>.Winston Cid<\/p>\n\n\n\n<p><a target=\"_blank\" href=\"mailto:wincid@gmail.com\" rel=\"noreferrer noopener\">wincid@gmail.com<\/a><\/p>\n","protected":false},"excerpt":{"rendered":"<p>Andersson Garc\u00eda Enmanuel Omogbo, Tony Toney y Andre Fulgencio aportaron con cifras dobles en puntos Andr\u00e9s Fulgencio PUERTO PLATA \u2013 En una noche espectacular, el estelar Andersson Garc\u00eda tuvo un debut so\u00f1ado con los Marineros de Puerto Plata en este 2026, al marcar un triple doble y liderar al equipo a una victoria contundente sobre [&hellip;]<\/p>\n","protected":false},"author":2,"featured_media":676292,"comment_status":"open","ping_status":"closed","sticky":false,"template":"","format":"standard","meta":{"footnotes":""},"categories":[17],"tags":[],"class_list":["post-676291","post","type-post","status-publish","format-standard","has-post-thumbnail","hentry","category-deportes"],"_links":{"self":[{"href":"https:\/\/diariodominicano.com\/index.php?rest_route=\/wp\/v2\/posts\/676291","targetHints":{"allow":["GET"]}}],"collection":[{"href":"https:\/\/diariodominicano.com\/index.php?rest_route=\/wp\/v2\/posts"}],"about":[{"href":"https:\/\/diariodominicano.com\/index.php?rest_route=\/wp\/v2\/types\/post"}],"author":[{"embeddable":true,"href":"https:\/\/diariodominicano.com\/index.php?rest_route=\/wp\/v2\/users\/2"}],"replies":[{"embeddable":true,"href":"https:\/\/diariodominicano.com\/index.php?rest_route=%2Fwp%2Fv2%2Fcomments&post=676291"}],"version-history":[{"count":2,"href":"https:\/\/diariodominicano.com\/index.php?rest_route=\/wp\/v2\/posts\/676291\/revisions"}],"predecessor-version":[{"id":676297,"href":"https:\/\/diariodominicano.com\/index.php?rest_route=\/wp\/v2\/posts\/676291\/revisions\/676297"}],"wp:featuredmedia":[{"embeddable":true,"href":"https:\/\/diariodominicano.com\/index.php?rest_route=\/wp\/v2\/media\/676292"}],"wp:attachment":[{"href":"https:\/\/diariodominicano.com\/index.php?rest_route=%2Fwp%2Fv2%2Fmedia&parent=676291"}],"wp:term":[{"taxonomy":"category","embeddable":true,"href":"https:\/\/diariodominicano.com\/index.php?rest_route=%2Fwp%2Fv2%2Fcategories&post=676291"},{"taxonomy":"post_tag","embeddable":true,"href":"https:\/\/diariodominicano.com\/index.php?rest_route=%2Fwp%2Fv2%2Ftags&post=676291"}],"curies":[{"name":"wp","href":"https:\/\/api.w.org\/{rel}","templated":true}]}}