{"id":676285,"date":"2026-05-01T01:26:42","date_gmt":"2026-05-01T05:26:42","guid":{"rendered":"https:\/\/diariodominicano.com\/?p=676285"},"modified":"2026-05-01T01:31:04","modified_gmt":"2026-05-01T05:31:04","slug":"gobierno-anuncia-nuevas-medidas-para-enfrentar-el-impacto-de-la-crisis-en-medio-oriente-sobre-la-economia-dominicana","status":"publish","type":"post","link":"https:\/\/diariodominicano.com\/?p=676285","title":{"rendered":"El Gobierno anuncia medidas para enfrentar el impacto de la crisis en Medio Oriente sobre la econom\u00eda dominicana"},"content":{"rendered":"\n<h3 class=\"wp-block-heading\">Presidente Abinader busca con estas medidas generar una disponibilidad cercana a RDb40,000 millones.<\/h3>\n\n\n\n<p>30 de Abril 2026 | 20:36<\/p>\n\n\n\n<figure class=\"wp-block-image\"><img decoding=\"async\" src=\"https:\/\/platform-cdn.sharethis.com\/img\/sharethis.svg\" alt=\"sharethis sharing button\"\/><\/figure>\n\n\n\n<p>Santo Domingo RD.- El presidente de la Rep\u00fablica,\u00a0<strong>Luis Abinader<\/strong>, y la vicepresidenta\u00a0<strong>Raquel Pe\u00f1a<\/strong>, encabezaron el jueves el\u00a0<strong>quincuag\u00e9simo s\u00e9ptimo Consejo de Ministros<\/strong>, celebrado en el Palacio Nacional, con el objetivo de dar\u00a0<strong>seguimiento<\/strong>\u00a0<strong>al plan gubernamental<\/strong>\u00a0para enfrentar el impacto sobre la econom\u00eda dominicana de la\u00a0<strong>crisis en Medio Oriente.<\/strong><\/p>\n\n\n\n<p><strong>Jos\u00e9 Rijo Presbot<\/strong>, director general de Presupuesto, explic\u00f3 que el Gobierno ha dispuesto una serie de medidas de&nbsp;<strong>contenci\u00f3n y eficientizaci\u00f3n del gasto p\u00fablico<\/strong>&nbsp;para generar una&nbsp;<strong>disponibilidad cercana a RD 40,000 millone<\/strong>s, partiendo del principio de&nbsp;<strong>respetar todos los compromisos ya formalizados<\/strong>&nbsp;bajo contrato, mientras que aquellas apropiaciones presupuestarias a\u00fan no comprometidas ser\u00e1n sometidas a&nbsp;<strong>revisi\u00f3n, ajuste o reducci\u00f3n seg\u00fan las prioridades nacionales.<\/strong><\/p>\n\n\n\n<p>Detall\u00f3 que estas acciones incluyen la&nbsp;<strong>reducci\u00f3n de gastos operativos<\/strong>, la contenci\u00f3n en la adquisici\u00f3n de veh\u00edculos,&nbsp;<strong>con excepci\u00f3n de \u00e1reas prioritarias como asistencia social y seguridad alimentaria<\/strong>, disminuci\u00f3n de reparaciones y mantenimientos menores, racionalizaci\u00f3n de servicios y contrataciones, limitaci\u00f3n de eventos a costos m\u00ednimos, ajustes en textiles, vestuario, vi\u00e1ticos, pasajes, racionalizaci\u00f3n de combustible y publicidad, la reducci\u00f3n de un 50 % del presupuesto a los partidos pol\u00edticos, entre otros. Adem\u00e1s, una&nbsp;<strong>reducci\u00f3n verificable de transferencias corrientes a organismos aut\u00f3nomos<\/strong>, descentralizados y empresas p\u00fablicas con capacidad de generar sus propios recursos.<\/p>\n\n\n\n<figure class=\"wp-block-image\"><img decoding=\"async\" src=\"https:\/\/presidencia.gob.do\/sites\/default\/files\/inline-images\/1001586092_0.jpg\" alt=\"\"\/><\/figure>\n\n\n\n<p>Presbot subray\u00f3 que estas decisiones responden a la necesidad de&nbsp;<strong>posponer temporalmente todo gasto no prioritario<\/strong>, con el prop\u00f3sito de fortalecer la capacidad de respuesta del Estado ante el contexto internacional, preservar la estabilidad econ\u00f3mica y asegurar que los recursos p\u00fablicos se concentren en proteger a los&nbsp;<strong>sectores m\u00e1s vulnerables<\/strong>&nbsp;y sostener el&nbsp;<strong>dinamismo del pa\u00eds.<\/strong><\/p>\n\n\n\n<p>Por otro lado, el ministro de la Presidencia,&nbsp;<strong>Jos\u00e9 Ignacio Paliza<\/strong>, explic\u00f3 que el pa\u00eds enfrenta un&nbsp;<strong>choque externo<\/strong>, cuyo principal canal de transmisi\u00f3n para econom\u00edas como la dominicana es el&nbsp;<strong>aumento en los precios internacionales del petr\u00f3leo<\/strong>, lo que genera presiones directas sobre la inflaci\u00f3n y el costo de vida.<\/p>\n\n\n\n<p>En ese sentido, destac\u00f3 que cada aumento sostenido de&nbsp;<strong>USD 10 por barril<\/strong>&nbsp;implica alrededor de&nbsp;<strong>USD 763 millones adicionales<\/strong>&nbsp;en la factura petrolera anual de la Rep\u00fablica Dominicana, lo que incrementa las&nbsp;<strong>presiones fiscales y los costos asociados a los subsidios.<\/strong><\/p>\n\n\n\n<p>Asimismo, resalt\u00f3 que, pese al contexto internacional, la Rep\u00fablica Dominicana&nbsp;<strong>ha logrado contener el impacto&nbsp;<\/strong>mejor que la mayor\u00eda de pa\u00edses de la regi\u00f3n,&nbsp;<strong>gracias a las medidas adoptadas para proteger a las familias dominicanas<\/strong>. No obstante, advirti\u00f3 que estos esfuerzos implican un costo fiscal significativo, por lo que deben manejarse con prudencia y sostenibilidad.<\/p>\n\n\n\n<figure class=\"wp-block-image\"><img decoding=\"async\" src=\"https:\/\/presidencia.gob.do\/sites\/default\/files\/inline-images\/1001586295_0.jpg\" alt=\"\"\/><\/figure>\n\n\n\n<p>A su vez, el ministro de Hacienda y Econom\u00eda,&nbsp;<strong>Mag\u00edn D\u00edaz<\/strong>, afirm\u00f3 que Rep\u00fablica Dominicana enfrenta uno de los mayores choques de precios de su historia reciente, provocado por el&nbsp;<strong>alza de m\u00e1s de un 80 % en el precio del petr\u00f3leo<\/strong>, pero asegur\u00f3 que el Gobierno ha centrado su&nbsp;<strong>estrategia en tres objetivos esenciales<\/strong>: preservar la estabilidad macroecon\u00f3mica, fiscal y social; mitigar el&nbsp;<strong>impacto sobre los alimentos<\/strong>, la canasta b\u00e1sica y los insumos agropecuarios; y sostener la&nbsp;<strong>inversi\u00f3n p\u00fablica<\/strong>, apoyado en reservas internacionales superiores a USD 16,000 millones,&nbsp;<strong>estabilidad cambiaria<\/strong>,&nbsp;<strong>crecimiento econ\u00f3mico<\/strong>, fortalecimiento de los&nbsp;<strong>programas sociales<\/strong>&nbsp;y una&nbsp;<strong>pol\u00edtica de austeridad<\/strong>&nbsp;orientada a proteger a la poblaci\u00f3n m\u00e1s vulnerable.<\/p>\n\n\n\n<p>Con informaci\u00f3n de la Presidencia de la Rep\u00fablica..<\/p>\n","protected":false},"excerpt":{"rendered":"<p>Presidente Abinader busca con estas medidas generar una disponibilidad cercana a RDb40,000 millones. 30 de Abril 2026 | 20:36 Santo Domingo RD.- El presidente de la Rep\u00fablica,\u00a0Luis Abinader, y la vicepresidenta\u00a0Raquel Pe\u00f1a, encabezaron el jueves el\u00a0quincuag\u00e9simo s\u00e9ptimo Consejo de Ministros, celebrado en el Palacio Nacional, con el objetivo de dar\u00a0seguimiento\u00a0al plan gubernamental\u00a0para enfrentar el impacto [&hellip;]<\/p>\n","protected":false},"author":2,"featured_media":676287,"comment_status":"open","ping_status":"closed","sticky":false,"template":"","format":"standard","meta":{"footnotes":""},"categories":[20,27],"tags":[3643,4536],"class_list":["post-676285","post","type-post","status-publish","format-standard","has-post-thumbnail","hentry","category-dominicana-hoy","category-portada","tag-gobierno","tag-medio-oriente"],"_links":{"self":[{"href":"https:\/\/diariodominicano.com\/index.php?rest_route=\/wp\/v2\/posts\/676285","targetHints":{"allow":["GET"]}}],"collection":[{"href":"https:\/\/diariodominicano.com\/index.php?rest_route=\/wp\/v2\/posts"}],"about":[{"href":"https:\/\/diariodominicano.com\/index.php?rest_route=\/wp\/v2\/types\/post"}],"author":[{"embeddable":true,"href":"https:\/\/diariodominicano.com\/index.php?rest_route=\/wp\/v2\/users\/2"}],"replies":[{"embeddable":true,"href":"https:\/\/diariodominicano.com\/index.php?rest_route=%2Fwp%2Fv2%2Fcomments&post=676285"}],"version-history":[{"count":2,"href":"https:\/\/diariodominicano.com\/index.php?rest_route=\/wp\/v2\/posts\/676285\/revisions"}],"predecessor-version":[{"id":676290,"href":"https:\/\/diariodominicano.com\/index.php?rest_route=\/wp\/v2\/posts\/676285\/revisions\/676290"}],"wp:featuredmedia":[{"embeddable":true,"href":"https:\/\/diariodominicano.com\/index.php?rest_route=\/wp\/v2\/media\/676287"}],"wp:attachment":[{"href":"https:\/\/diariodominicano.com\/index.php?rest_route=%2Fwp%2Fv2%2Fmedia&parent=676285"}],"wp:term":[{"taxonomy":"category","embeddable":true,"href":"https:\/\/diariodominicano.com\/index.php?rest_route=%2Fwp%2Fv2%2Fcategories&post=676285"},{"taxonomy":"post_tag","embeddable":true,"href":"https:\/\/diariodominicano.com\/index.php?rest_route=%2Fwp%2Fv2%2Ftags&post=676285"}],"curies":[{"name":"wp","href":"https:\/\/api.w.org\/{rel}","templated":true}]}}