{"id":676272,"date":"2026-05-01T01:05:43","date_gmt":"2026-05-01T05:05:43","guid":{"rendered":"https:\/\/diariodominicano.com\/?p=676272"},"modified":"2026-05-01T01:32:54","modified_gmt":"2026-05-01T05:32:54","slug":"villarivenses-en-ny-condenan-que-a-la-escuela-de-villa-riva-no-se-le-desembolsen-fondos-desde-noviembre-de-2025","status":"publish","type":"post","link":"https:\/\/diariodominicano.com\/?p=676272","title":{"rendered":"Villarivenses en NY condenan que a la escuela de Villa Riva no se le desembolsen fondos desde noviembre de 2025"},"content":{"rendered":"\n<p><strong>Por Ram\u00f3n Mercedes<\/strong><\/p>\n\n\n\n<p><strong>NUEVA YORK.-<\/strong>&nbsp;Decenas de dominicanos del municipio de Villa Riva, provincia Duarte, residentes en esta ciudad, condenan que los fondos descentralizados no se le hayan desembolsado a la escuela Luis Molina en la comarca desde noviembre de 2025.<\/p>\n\n\n\n<p>La denuncia la hizo la Asociaci\u00f3n de Padres, Madres y Amigos de la Escuela (APMAE) de Villa Riva afirmando que la cr\u00edtica situaci\u00f3n que atraviesa el centro educativo, debido a la falta de entrega de los fondos descentralizados, podr\u00eda llevar a que la escuela colapse en la recta final del a\u00f1o escolar.<\/p>\n\n\n\n<p>El ingeniero Tom\u00e1s Bautista Evangelista, en representaci\u00f3n de los padres, expres\u00f3 su preocupaci\u00f3n ante el impacto que esta situaci\u00f3n est\u00e1 generando, se\u00f1alando que algunos suplidores han suspendido el cr\u00e9dito al plantel, lo que agrava a\u00fan m\u00e1s el panorama.<\/p>\n\n\n\n<p>De acuerdo con su denuncia, \u201cno hay agua para el consumo humano\u201d, \u201cescasean los materiales gastables\u201d y hay \u201cfalta de insumos de limpieza\u201d, carencias que afectan directamente el desarrollo de la docencia y el bienestar de estudiantes y del personal, precis\u00f3 Bautista Evangelista.<\/p>\n\n\n\n<p>La Asociaci\u00f3n de Padres indica que representantes de la direcci\u00f3n regional y local del Ministerio de Educaci\u00f3n de la Rep\u00fablica Dominicana, Luis Miguel De Camps, asumieron compromisos personales con los suplidores, quienes otorgaron un plazo de dos semanas para regularizar la situaci\u00f3n, pero nada han hecho, sostienen.<\/p>\n\n\n\n<p>Entre los firmantes se encuentran Jos\u00e9 Sierra, Manuel Carrasco, Luisa Mansueta, Miguel Zambrano, Orqu\u00eddea Rivera, Miguelina de los Santos, Antonio Cordero, Ram\u00f3n Rojas, Clemente Marmolejos, Luisa de Rivas, Ernesto de Jes\u00fas, Claudio de Le\u00f3n, Porfirio Adames, Josefa Ruiz, Josefina L\u00f3pez, Henry Morales, y Bol\u00edvar Mena, entre otros.<\/p>\n","protected":false},"excerpt":{"rendered":"<p>Por Ram\u00f3n Mercedes NUEVA YORK.-&nbsp;Decenas de dominicanos del municipio de Villa Riva, provincia Duarte, residentes en esta ciudad, condenan que los fondos descentralizados no se le hayan desembolsado a la escuela Luis Molina en la comarca desde noviembre de 2025. La denuncia la hizo la Asociaci\u00f3n de Padres, Madres y Amigos de la Escuela (APMAE) [&hellip;]<\/p>\n","protected":false},"author":2,"featured_media":0,"comment_status":"open","ping_status":"closed","sticky":false,"template":"","format":"standard","meta":{"footnotes":""},"categories":[20],"tags":[4512],"class_list":["post-676272","post","type-post","status-publish","format-standard","hentry","category-dominicana-hoy","tag-villa-riva"],"_links":{"self":[{"href":"https:\/\/diariodominicano.com\/index.php?rest_route=\/wp\/v2\/posts\/676272","targetHints":{"allow":["GET"]}}],"collection":[{"href":"https:\/\/diariodominicano.com\/index.php?rest_route=\/wp\/v2\/posts"}],"about":[{"href":"https:\/\/diariodominicano.com\/index.php?rest_route=\/wp\/v2\/types\/post"}],"author":[{"embeddable":true,"href":"https:\/\/diariodominicano.com\/index.php?rest_route=\/wp\/v2\/users\/2"}],"replies":[{"embeddable":true,"href":"https:\/\/diariodominicano.com\/index.php?rest_route=%2Fwp%2Fv2%2Fcomments&post=676272"}],"version-history":[{"count":1,"href":"https:\/\/diariodominicano.com\/index.php?rest_route=\/wp\/v2\/posts\/676272\/revisions"}],"predecessor-version":[{"id":676273,"href":"https:\/\/diariodominicano.com\/index.php?rest_route=\/wp\/v2\/posts\/676272\/revisions\/676273"}],"wp:attachment":[{"href":"https:\/\/diariodominicano.com\/index.php?rest_route=%2Fwp%2Fv2%2Fmedia&parent=676272"}],"wp:term":[{"taxonomy":"category","embeddable":true,"href":"https:\/\/diariodominicano.com\/index.php?rest_route=%2Fwp%2Fv2%2Fcategories&post=676272"},{"taxonomy":"post_tag","embeddable":true,"href":"https:\/\/diariodominicano.com\/index.php?rest_route=%2Fwp%2Fv2%2Ftags&post=676272"}],"curies":[{"name":"wp","href":"https:\/\/api.w.org\/{rel}","templated":true}]}}