{"id":676269,"date":"2026-05-01T01:01:18","date_gmt":"2026-05-01T05:01:18","guid":{"rendered":"https:\/\/diariodominicano.com\/?p=676269"},"modified":"2026-05-01T01:02:30","modified_gmt":"2026-05-01T05:02:30","slug":"jean-todt-e-ydanis-rodriguez-se-proponen-impulsar-seguridad-vial-en-america-latina-y-global","status":"publish","type":"post","link":"https:\/\/diariodominicano.com\/?p=676269","title":{"rendered":"Jean Todt e Ydanis Rodr\u00edguez se proponen impulsar seguridad vial en Am\u00e9rica Latina y global"},"content":{"rendered":"\n<p><strong>Por Ram\u00f3n Mercedes<\/strong><\/p>\n\n\n\n<p><strong>NUEVA YORK.-<\/strong>&nbsp;El enviado especial de la Organizaci\u00f3n de las Naciones Unidas (ONU) para la Seguridad Vial, Jean Todt, y el ex comisionado del Departamento de Transporte de NYC (DOT-NY), el dominicano Ydanis Rodr\u00edguez, se proponen fortalecer la seguridad vial en Am\u00e9rica Latina y a nivel global.<\/p>\n\n\n\n<p>Durante un reciente encuentro, ambos l\u00edderes en materia de transporte y pol\u00edticas p\u00fablicas intercambiaron perspectivas sobre la situaci\u00f3n actual de la seguridad vial, destacando los desaf\u00edos persistentes que enfrentan los pa\u00edses para reducir las muertes y lesiones causadas en el tr\u00e1nsito.<\/p>\n\n\n\n<p>Coincidieron en que la falta de implementaci\u00f3n de estrategias eficaces contin\u00faa generando un alto costo humano, en lo que muchos expertos consideran una epidemia global de fatalidades en las v\u00edas.<\/p>\n\n\n\n<p>\u201cNos comprometemos a impulsar soluciones innovadoras, fortalecer los sistemas de transporte y promover pol\u00edticas p\u00fablicas m\u00e1s efectivas en distintos pa\u00edses, con especial atenci\u00f3n a la regi\u00f3n latinoamericana\u201d, precisan.<\/p>\n\n\n\n<p>En el caso de la Rep\u00fablica Dominicana, se\u00f1alaron que el pa\u00eds registra una de las tasas m\u00e1s altas de mortalidad por accidentes de tr\u00e1nsito en la regi\u00f3n, con estimaciones recientes que superan las 30 muertes por cada 100,000 habitantes, muy por encima de la media mundial.<\/p>\n\n\n\n<p>Se estima que m\u00e1s del 60% de las v\u00edctimas fatales est\u00e1n vinculadas a motocicletas, y que cada a\u00f1o se pierden miles de vidas, e igual cantidad resultan lesionadas, muchas con consecuencias permanentes.<\/p>\n\n\n\n<p>Estas cifras reflejan la urgencia de implementar medidas m\u00e1s efectivas en prevenci\u00f3n, fiscalizaci\u00f3n y educaci\u00f3n vial, as\u00ed como el uso de tecnolog\u00eda para salvar vidas, sostienen Todt y Rodr\u00edguez.<\/p>\n\n\n\n<p>En ese contexto, Rodr\u00edguez destac\u00f3 que durante su gesti\u00f3n en DOT-NYC se alcanzaron los niveles m\u00e1s bajos de muertes de peatones en la historia de NYC, resultado de una combinaci\u00f3n de pol\u00edticas p\u00fablicas, intervenciones de infraestructura, campa\u00f1as de concienciaci\u00f3n y uso estrat\u00e9gico de datos.<\/p>\n\n\n\n<p>Se\u00f1al\u00f3 su inter\u00e9s en compartir estas experiencias y lecciones aprendidas con pa\u00edses de Am\u00e9rica Latina, como parte de un esfuerzo m\u00e1s amplio para adaptar soluciones efectivas a contextos locales y salvar vidas.<\/p>\n\n\n\n<p>El encuentro, de car\u00e1cter estrat\u00e9gico y constructivo, sirvi\u00f3 como espacio para identificar posibles iniciativas conjuntas que permitan contribuir al desarrollo de acciones que mejoren la seguridad vial, reduzcan los riesgos en las carreteras y protejan la vida de millones de personas.<\/p>\n\n\n\n<p>Este acercamiento refleja la creciente importancia de la cooperaci\u00f3n internacional en la construcci\u00f3n de sistemas de movilidad m\u00e1s seguros, sostenibles y equitativos, afirmaron&nbsp; Todt y Rodr\u00edguez.<\/p>\n","protected":false},"excerpt":{"rendered":"<p>Por Ram\u00f3n Mercedes NUEVA YORK.-&nbsp;El enviado especial de la Organizaci\u00f3n de las Naciones Unidas (ONU) para la Seguridad Vial, Jean Todt, y el ex comisionado del Departamento de Transporte de NYC (DOT-NY), el dominicano Ydanis Rodr\u00edguez, se proponen fortalecer la seguridad vial en Am\u00e9rica Latina y a nivel global. Durante un reciente encuentro, ambos l\u00edderes [&hellip;]<\/p>\n","protected":false},"author":2,"featured_media":676270,"comment_status":"open","ping_status":"closed","sticky":false,"template":"","format":"standard","meta":{"footnotes":""},"categories":[36,20,23],"tags":[5805],"class_list":["post-676269","post","type-post","status-publish","format-standard","has-post-thumbnail","hentry","category-hombresmujeresycosas","category-dominicana-hoy","category-internacional","tag-jean-todt-e-ydanis-rodriguez"],"_links":{"self":[{"href":"https:\/\/diariodominicano.com\/index.php?rest_route=\/wp\/v2\/posts\/676269","targetHints":{"allow":["GET"]}}],"collection":[{"href":"https:\/\/diariodominicano.com\/index.php?rest_route=\/wp\/v2\/posts"}],"about":[{"href":"https:\/\/diariodominicano.com\/index.php?rest_route=\/wp\/v2\/types\/post"}],"author":[{"embeddable":true,"href":"https:\/\/diariodominicano.com\/index.php?rest_route=\/wp\/v2\/users\/2"}],"replies":[{"embeddable":true,"href":"https:\/\/diariodominicano.com\/index.php?rest_route=%2Fwp%2Fv2%2Fcomments&post=676269"}],"version-history":[{"count":1,"href":"https:\/\/diariodominicano.com\/index.php?rest_route=\/wp\/v2\/posts\/676269\/revisions"}],"predecessor-version":[{"id":676271,"href":"https:\/\/diariodominicano.com\/index.php?rest_route=\/wp\/v2\/posts\/676269\/revisions\/676271"}],"wp:featuredmedia":[{"embeddable":true,"href":"https:\/\/diariodominicano.com\/index.php?rest_route=\/wp\/v2\/media\/676270"}],"wp:attachment":[{"href":"https:\/\/diariodominicano.com\/index.php?rest_route=%2Fwp%2Fv2%2Fmedia&parent=676269"}],"wp:term":[{"taxonomy":"category","embeddable":true,"href":"https:\/\/diariodominicano.com\/index.php?rest_route=%2Fwp%2Fv2%2Fcategories&post=676269"},{"taxonomy":"post_tag","embeddable":true,"href":"https:\/\/diariodominicano.com\/index.php?rest_route=%2Fwp%2Fv2%2Ftags&post=676269"}],"curies":[{"name":"wp","href":"https:\/\/api.w.org\/{rel}","templated":true}]}}