{"id":676251,"date":"2026-05-01T00:35:27","date_gmt":"2026-05-01T04:35:27","guid":{"rendered":"https:\/\/diariodominicano.com\/?p=676251"},"modified":"2026-05-01T00:35:38","modified_gmt":"2026-05-01T04:35:38","slug":"trump-considera-recortar-soldados-de-eeuu-en-por-lo-menos-3-paises-europeos","status":"publish","type":"post","link":"https:\/\/diariodominicano.com\/?p=676251","title":{"rendered":"Trump considera recortar soldados de EEUU en por lo menos 3 pa\u00edses europeos"},"content":{"rendered":"\n<p><em>spanish.news.cn<\/em>|<em>&nbsp;2026-05-01 07:28:45<\/em>|<\/p>\n\n\n\n<p>WASHINGTON, 30 abr (Xinhua) &#8212; El presidente de Estados Unidos, Donald Trump, afirm\u00f3 hoy jueves que podr\u00eda reducir la presencia de los militares estadounidenses en Espa\u00f1a e Italia, un d\u00eda despu\u00e9s de que anunci\u00f3 que su administraci\u00f3n est\u00e1 evaluando un posible recorte de soldados en Alemania.<\/p>\n\n\n\n<p>\u00abSi, probablemente lo haremos\u00bb, coment\u00f3 Trump a los reporteros en la Casa Blanca cuando se le cuestion\u00f3 por la posible reducci\u00f3n.<\/p>\n\n\n\n<p>\u00ab\u00bfPor qu\u00e9 no habr\u00eda de hacerlo? Italia no ha sido de ninguna ayuda. Espa\u00f1a ha sido horrible. Absolutamente\u00bb, dijo Trump, de nuevo criticando a los aliados europeos por no ayudar en la guerra de Estados Unidos e Israel contra Ir\u00e1n.<\/p>\n\n\n\n<p>Trump critic\u00f3 una vez m\u00e1s al canciller de Alemania, Friedrich Merz, y afirm\u00f3 que \u00abest\u00e1 haciendo un trabajo terrible\u00bb. Anteriormente, esta semana, Merz dijo que Estados Unidos est\u00e1 \u00absiendo humillado\u00bb por Ir\u00e1n.<\/p>\n\n\n\n<p>El mi\u00e9rcoles, en una publicaci\u00f3n en la red social Truth Social, Trump afirm\u00f3 que Estados Unidos est\u00e1 considerando el posible recorte de soldados en Alemania, y dijo que la decisi\u00f3n se tomar\u00e1 con determinaci\u00f3n \u00abpr\u00f3ximamente, en poco tiempo\u00bb.<\/p>\n\n\n\n<p>Tambi\u00e9n el mi\u00e9rcoles, Merz trat\u00f3 de minimizar la disputa con Trump, y asegur\u00f3 que su relaci\u00f3n personal con el presidente de Estados Unidos sigue siendo positiva, e hizo un llamado para una resoluci\u00f3n r\u00e1pida de los conflictos en Ir\u00e1n, ya que Alemania y Europa est\u00e1n padeciendo considerablemente por las consecuencias de los conflictos.&nbsp;<\/p>\n\n\n\n<p><a href=\"https:\/\/www.facebook.com\/sharer\/sharer.php?u=https:\/\/spanish.xinhuanet.com\/20260501\/7e2c68c5ffb8494ab0de65ad81a92070\/c.html\" target=\"_blank\" rel=\"noreferrer noopener\"><\/a>&nbsp;<a href=\"https:\/\/twitter.com\/intent\/tweet?text=Trump%20considera%20recortar%20soldados%20de%20EEUU%20en%20por%20lo%20menos%203%20pa%C3%ADses%20europeos&amp;url=https:\/\/spanish.xinhuanet.com\/20260501\/7e2c68c5ffb8494ab0de65ad81a92070\/c.html\" target=\"_blank\" rel=\"noreferrer noopener\"><\/a>&nbsp;<a target=\"_blank\" href=\"https:\/\/service.weibo.com\/share\/share.php?title=Trump%20considera%20recortar%20soldados%20de%20EEUU%20en%20por%20lo%20menos%203%20pa%C3%ADses%20europeos&amp;url=https:\/\/spanish.xinhuanet.com\/20260501\/7e2c68c5ffb8494ab0de65ad81a92070\/c.html\" rel=\"noreferrer noopener\"><\/a>&nbsp;<a><\/a><\/p>\n\n\n\n<figure class=\"wp-block-image\"><img decoding=\"async\" src=\"https:\/\/imgs.news.cn\/res\/xhwimg\/spanish\/20170522\/img\/jc-xfa.png\" alt=\"\"\/><\/figure>\n\n\n\n<figure class=\"wp-block-table\"><table class=\"has-fixed-layout\"><tbody><tr><td><\/td><\/tr><\/tbody><\/table><\/figure>\n\n\n\n<figure class=\"wp-block-table\"><table class=\"has-fixed-layout\"><tbody><tr><td><\/td><td><img loading=\"lazy\" decoding=\"async\" src=\"https:\/\/english.news.cn\/static\/imgs\/bigphoto_tit16_b.gif\" width=\"20\" height=\"20\"><\/td><td><a href=\"https:\/\/spanish.xinhuanet.com\/20260501\/7e2c68c5ffb8494ab0de65ad81a92070\/c.html#top\"><strong>Volver Arriba<\/strong><\/a><\/td><\/tr><\/tbody><\/table><\/figure>\n","protected":false},"excerpt":{"rendered":"<p>spanish.news.cn|&nbsp;2026-05-01 07:28:45| WASHINGTON, 30 abr (Xinhua) &#8212; El presidente de Estados Unidos, Donald Trump, afirm\u00f3 hoy jueves que podr\u00eda reducir la presencia de los militares estadounidenses en Espa\u00f1a e Italia, un d\u00eda despu\u00e9s de que anunci\u00f3 que su administraci\u00f3n est\u00e1 evaluando un posible recorte de soldados en Alemania. \u00abSi, probablemente lo haremos\u00bb, coment\u00f3 Trump a [&hellip;]<\/p>\n","protected":false},"author":2,"featured_media":671229,"comment_status":"open","ping_status":"closed","sticky":false,"template":"","format":"standard","meta":{"footnotes":""},"categories":[23,27],"tags":[5004],"class_list":["post-676251","post","type-post","status-publish","format-standard","has-post-thumbnail","hentry","category-internacional","category-portada","tag-trump"],"_links":{"self":[{"href":"https:\/\/diariodominicano.com\/index.php?rest_route=\/wp\/v2\/posts\/676251","targetHints":{"allow":["GET"]}}],"collection":[{"href":"https:\/\/diariodominicano.com\/index.php?rest_route=\/wp\/v2\/posts"}],"about":[{"href":"https:\/\/diariodominicano.com\/index.php?rest_route=\/wp\/v2\/types\/post"}],"author":[{"embeddable":true,"href":"https:\/\/diariodominicano.com\/index.php?rest_route=\/wp\/v2\/users\/2"}],"replies":[{"embeddable":true,"href":"https:\/\/diariodominicano.com\/index.php?rest_route=%2Fwp%2Fv2%2Fcomments&post=676251"}],"version-history":[{"count":1,"href":"https:\/\/diariodominicano.com\/index.php?rest_route=\/wp\/v2\/posts\/676251\/revisions"}],"predecessor-version":[{"id":676253,"href":"https:\/\/diariodominicano.com\/index.php?rest_route=\/wp\/v2\/posts\/676251\/revisions\/676253"}],"wp:featuredmedia":[{"embeddable":true,"href":"https:\/\/diariodominicano.com\/index.php?rest_route=\/wp\/v2\/media\/671229"}],"wp:attachment":[{"href":"https:\/\/diariodominicano.com\/index.php?rest_route=%2Fwp%2Fv2%2Fmedia&parent=676251"}],"wp:term":[{"taxonomy":"category","embeddable":true,"href":"https:\/\/diariodominicano.com\/index.php?rest_route=%2Fwp%2Fv2%2Fcategories&post=676251"},{"taxonomy":"post_tag","embeddable":true,"href":"https:\/\/diariodominicano.com\/index.php?rest_route=%2Fwp%2Fv2%2Ftags&post=676251"}],"curies":[{"name":"wp","href":"https:\/\/api.w.org\/{rel}","templated":true}]}}