{"id":676243,"date":"2026-05-01T00:20:35","date_gmt":"2026-05-01T04:20:35","guid":{"rendered":"https:\/\/diariodominicano.com\/?p=676243"},"modified":"2026-05-01T00:23:07","modified_gmt":"2026-05-01T04:23:07","slug":"estados-unidos-condena-la-flotilla-global-sumud-afin-a-hamas","status":"publish","type":"post","link":"https:\/\/diariodominicano.com\/?p=676243","title":{"rendered":"Estados Unidos condena la flotilla global Sumud, af\u00edn a Ham\u00e1s"},"content":{"rendered":"\n<p>30 de abril de 2026<\/p>\n\n\n\n<p>Estados Unidos condena la Flotilla Global Sumud, una iniciativa a favor de Ham\u00e1s y un esfuerzo infundado y contraproducente para socavar el Plan de Paz del Presidente Trump. Esta flotilla, tambi\u00e9n a favor de Ham\u00e1s, est\u00e1 organizada por la Conferencia Popular para los Palestinos en el Extranjero (PPAC), una entidad sancionada por la OFAC, que fue designada como organizaci\u00f3n terrorista global especialmente designada en enero por operar a instancias de Ham\u00e1s. El fundador de la Flotilla Global Sumud ha expresado p\u00fablicamente su apoyo al r\u00e9gimen iran\u00ed y a sus aliados terroristas, incluidos Ham\u00e1s y Hezbol\u00e1.<\/p>\n\n\n\n<p>De conformidad con el derecho internacional, los puertos constituyen aguas interiores sobre las cuales los Estados ribere\u00f1os ejercen plena soberan\u00eda territorial. Estados Unidos espera que todos sus aliados, en particular aquellos que se han comprometido a apoyar el exitoso Plan de 20 Puntos del Presidente Trump, tomen medidas decisivas contra esta maniobra pol\u00edtica sin sentido, negando el acceso a los puertos, el atraque, la salida y el reabastecimiento de combustible a los buques que participan en la flotilla. Nuestros aliados tambi\u00e9n deben tomar medidas adicionales, de conformidad con la legislaci\u00f3n aplicable, incluyendo la denegaci\u00f3n de atraque a los buques de los que se sospeche razonablemente que facilitan el terrorismo o que representan un riesgo para la seguridad. Se deben emitir advertencias p\u00fablicas claras a sus nacionales para que se abstengan de participar en esta flotilla que apoya el terrorismo de cualquier manera, bajo pena de enfrentar las consecuencias legales correspondientes.<\/p>\n\n\n\n<p>A diferencia de los mecanismos de asistencia organizados y coordinados con socios regionales, esta flotilla elude los mecanismos dise\u00f1ados para garantizar que la asistencia humanitaria llegue a la poblaci\u00f3n civil. Estados Unidos explorar\u00e1 el uso de las herramientas disponibles para imponer consecuencias a quienes apoyan esta flotilla pro-Ham\u00e1s y respalda las acciones legales de nuestros aliados en su contra. La flotilla no tiene nada que ver con la ayuda humanitaria ni con el bienestar de los habitantes de Gaza<\/p>\n\n\n\n<p>Comunicado de prensa<\/p>\n\n\n\n<p>Thomas \u00abTommy\u00bb Pigott, portavoz del departamento<\/p>\n\n\n\n<p>U.S. Department of State<\/p>\n\n\n\n<p><a target=\"_blank\" href=\"mailto:usstatebpa@public.govdelivery.com\" rel=\"noreferrer noopener\">usstatebpa@public.govdelive<\/a><\/p>\n","protected":false},"excerpt":{"rendered":"<p>30 de abril de 2026 Estados Unidos condena la Flotilla Global Sumud, una iniciativa a favor de Ham\u00e1s y un esfuerzo infundado y contraproducente para socavar el Plan de Paz del Presidente Trump. Esta flotilla, tambi\u00e9n a favor de Ham\u00e1s, est\u00e1 organizada por la Conferencia Popular para los Palestinos en el Extranjero (PPAC), una entidad [&hellip;]<\/p>\n","protected":false},"author":2,"featured_media":667989,"comment_status":"open","ping_status":"closed","sticky":false,"template":"","format":"standard","meta":{"footnotes":""},"categories":[23],"tags":[3496],"class_list":["post-676243","post","type-post","status-publish","format-standard","has-post-thumbnail","hentry","category-internacional","tag-estados-unidos"],"_links":{"self":[{"href":"https:\/\/diariodominicano.com\/index.php?rest_route=\/wp\/v2\/posts\/676243","targetHints":{"allow":["GET"]}}],"collection":[{"href":"https:\/\/diariodominicano.com\/index.php?rest_route=\/wp\/v2\/posts"}],"about":[{"href":"https:\/\/diariodominicano.com\/index.php?rest_route=\/wp\/v2\/types\/post"}],"author":[{"embeddable":true,"href":"https:\/\/diariodominicano.com\/index.php?rest_route=\/wp\/v2\/users\/2"}],"replies":[{"embeddable":true,"href":"https:\/\/diariodominicano.com\/index.php?rest_route=%2Fwp%2Fv2%2Fcomments&post=676243"}],"version-history":[{"count":2,"href":"https:\/\/diariodominicano.com\/index.php?rest_route=\/wp\/v2\/posts\/676243\/revisions"}],"predecessor-version":[{"id":676246,"href":"https:\/\/diariodominicano.com\/index.php?rest_route=\/wp\/v2\/posts\/676243\/revisions\/676246"}],"wp:featuredmedia":[{"embeddable":true,"href":"https:\/\/diariodominicano.com\/index.php?rest_route=\/wp\/v2\/media\/667989"}],"wp:attachment":[{"href":"https:\/\/diariodominicano.com\/index.php?rest_route=%2Fwp%2Fv2%2Fmedia&parent=676243"}],"wp:term":[{"taxonomy":"category","embeddable":true,"href":"https:\/\/diariodominicano.com\/index.php?rest_route=%2Fwp%2Fv2%2Fcategories&post=676243"},{"taxonomy":"post_tag","embeddable":true,"href":"https:\/\/diariodominicano.com\/index.php?rest_route=%2Fwp%2Fv2%2Ftags&post=676243"}],"curies":[{"name":"wp","href":"https:\/\/api.w.org\/{rel}","templated":true}]}}