{"id":676232,"date":"2026-04-30T23:50:59","date_gmt":"2026-05-01T03:50:59","guid":{"rendered":"https:\/\/diariodominicano.com\/?p=676232"},"modified":"2026-04-30T23:51:04","modified_gmt":"2026-05-01T03:51:04","slug":"brasil-y-otros-11-paises-condenan-ataque-de-israel-contra-flotilla","status":"publish","type":"post","link":"https:\/\/diariodominicano.com\/?p=676232","title":{"rendered":"Brasil y otros 11 pa\u00edses condenan ataque de Israel contra Flotilla"},"content":{"rendered":"\n<p>Brasilia, 30 abr (Prensa Latina) El Gobierno de Brasil, junto a otros 11 pa\u00edses, conden\u00f3 hoy el ataque de Israel contra la Flotilla Global Sumud, el movimiento civil que se dirige a la Franja de Gaza en una misi\u00f3n humanitaria.<\/p>\n\n\n\n<ul class=\"wp-block-list\">\n<li><a href=\"https:\/\/www.prensa-latina.cu\/2026\/04\/30\/\"><time>abril 30, 2026 | 21:58<\/time><\/a><\/li>\n<\/ul>\n\n\n\n<ul class=\"wp-block-list\">\n<li><a href=\"https:\/\/www.prensa-latina.cu\/2026\/04\/30\/brasil-y-otros-11-paises-condenan-ataque-de-israel-contra-flotilla\/#\"><\/a><\/li>\n\n\n\n<li><a href=\"https:\/\/www.prensa-latina.cu\/2026\/04\/30\/brasil-y-otros-11-paises-condenan-ataque-de-israel-contra-flotilla\/#\"><\/a><\/li>\n\n\n\n<li><a href=\"https:\/\/www.prensa-latina.cu\/2026\/04\/30\/brasil-y-otros-11-paises-condenan-ataque-de-israel-contra-flotilla\/#\"><\/a><\/li>\n\n\n\n<li><a href=\"https:\/\/www.prensa-latina.cu\/2026\/04\/30\/brasil-y-otros-11-paises-condenan-ataque-de-israel-contra-flotilla\/#\"><\/a><\/li>\n<\/ul>\n\n\n\n<p>En una declaraci\u00f3n conjunta, los ministros de Relaciones Exteriores de Brasil, T\u00fcrkiye, Bangladesh, Colombia, Jordania, Libia, Malasia, Maldivas, Mauritania, Pakist\u00e1n, Sud\u00e1frica y Espa\u00f1a denunciaron el ataque contra las embarcaciones de la iniciativa.<\/p>\n\n\n\n<p>Adem\u00e1s, advirtieron que esa agresi\u00f3n y la detenci\u00f3n de activistas en aguas internacionales constituyen \u201cflagrantes violaciones del derecho internacional y del derecho internacional humanitario\u201d.<\/p>\n\n\n\n<p>Los gobiernos firmantes expresaron adem\u00e1s profunda preocupaci\u00f3n por la seguridad de los activistas civiles detenidos y exigieron a las autoridades israel\u00edes adoptar medidas inmediatas para garantizar su liberaci\u00f3n.<\/p>\n\n\n\n<p>El comunicado apunt\u00f3 que la flotilla tiene un car\u00e1cter pac\u00edfico y humanitario, con el objetivo de llamar la atenci\u00f3n de la comunidad internacional sobre la situaci\u00f3n en Gaza, donde persiste una grave crisis humanitaria.<\/p>\n\n\n\n<p>Mediante la declaraci\u00f3n, los pa\u00edses tambi\u00e9n instaron a la comunidad internacional a cumplir sus obligaciones legales y morales, proteger a la poblaci\u00f3n civil y asegurar la rendici\u00f3n de cuentas ante posibles violaciones del derecho internacional.<\/p>\n\n\n\n<p>En su p\u00e1gina digital y redes sociales la Flotilla difundi\u00f3 que en la madrugada fueron interceptadas 21 embarcaciones en aguas internacionales entre Italia y Grecia por fuerzas israel\u00edes que secuestraron a 179 participantes en la iniciativa.<\/p>\n\n\n\n<p>La delegaci\u00f3n brasile\u00f1a participante en el movimiento confirm\u00f3 en redes sociales que entre los detenidos se encuentran tres ciudadanos del gigante sudamericano: los activistas Thiago \u00c1vila, Leandro Lanfredi y Amanda Coelho Marzall (Mandi Coelho).<\/p>\n\n\n\n<p>En la publicaci\u00f3n, el grupo calific\u00f3 la acci\u00f3n como un crimen contra una misi\u00f3n humanitaria y llam\u00f3 a la movilizaci\u00f3n y a la difusi\u00f3n internacional del caso.<\/p>\n\n\n\n<p>\u00a1Basta ya de persecuci\u00f3n contra quienes luchan codo con codo con el pueblo palestino, que sufre apartheid en su propia tierra desde 1948 y un genocidio acelerado desde 2023! \u00a1Compartan ampliamente para reforzar la denuncia!, a\u00f1adi\u00f3 el texto.<\/p>\n\n\n\n<p>La esposa y representante de Lanfredi, Tatiane Lopes, declar\u00f3 al portal brasile\u00f1o Opera Mundi que perdi\u00f3 el contacto con su marido ayer alrededor de las 19:55 (hora de Brasilia). \u00abLo \u00faltimo que me dijo fue que una lancha militar se acercaba a la embarcaci\u00f3n\u00bb.<\/p>\n\n\n\n<p>Es inaceptable que una fuerza de ocupaci\u00f3n promueva un genocidio televisado en Palestina y ahora tambi\u00e9n en el L\u00edbano, ataque Cisjordania e Ir\u00e1n, y cruce cientos de kil\u00f3metros en el Mediterr\u00e1neo para secuestrar a personas de todo el mundo que llevan ayuda humanitaria a un pueblo hambriento que resiste en un escenario de destrucci\u00f3n, denunci\u00f3.<\/p>\n\n\n\n<p>car\/mar<\/p>\n\n\n\n<ul class=\"wp-block-list\">\n<li>#<a href=\"https:\/\/www.prensa-latina.cu\/etiqueta\/brasil\/\">brasil<\/a><\/li>\n<\/ul>\n","protected":false},"excerpt":{"rendered":"<p>Brasilia, 30 abr (Prensa Latina) El Gobierno de Brasil, junto a otros 11 pa\u00edses, conden\u00f3 hoy el ataque de Israel contra la Flotilla Global Sumud, el movimiento civil que se dirige a la Franja de Gaza en una misi\u00f3n humanitaria. En una declaraci\u00f3n conjunta, los ministros de Relaciones Exteriores de Brasil, T\u00fcrkiye, Bangladesh, Colombia, Jordania, [&hellip;]<\/p>\n","protected":false},"author":2,"featured_media":0,"comment_status":"open","ping_status":"closed","sticky":false,"template":"","format":"standard","meta":{"footnotes":""},"categories":[23],"tags":[5774],"class_list":["post-676232","post","type-post","status-publish","format-standard","hentry","category-internacional","tag-brasil-y-otros"],"_links":{"self":[{"href":"https:\/\/diariodominicano.com\/index.php?rest_route=\/wp\/v2\/posts\/676232","targetHints":{"allow":["GET"]}}],"collection":[{"href":"https:\/\/diariodominicano.com\/index.php?rest_route=\/wp\/v2\/posts"}],"about":[{"href":"https:\/\/diariodominicano.com\/index.php?rest_route=\/wp\/v2\/types\/post"}],"author":[{"embeddable":true,"href":"https:\/\/diariodominicano.com\/index.php?rest_route=\/wp\/v2\/users\/2"}],"replies":[{"embeddable":true,"href":"https:\/\/diariodominicano.com\/index.php?rest_route=%2Fwp%2Fv2%2Fcomments&post=676232"}],"version-history":[{"count":1,"href":"https:\/\/diariodominicano.com\/index.php?rest_route=\/wp\/v2\/posts\/676232\/revisions"}],"predecessor-version":[{"id":676233,"href":"https:\/\/diariodominicano.com\/index.php?rest_route=\/wp\/v2\/posts\/676232\/revisions\/676233"}],"wp:attachment":[{"href":"https:\/\/diariodominicano.com\/index.php?rest_route=%2Fwp%2Fv2%2Fmedia&parent=676232"}],"wp:term":[{"taxonomy":"category","embeddable":true,"href":"https:\/\/diariodominicano.com\/index.php?rest_route=%2Fwp%2Fv2%2Fcategories&post=676232"},{"taxonomy":"post_tag","embeddable":true,"href":"https:\/\/diariodominicano.com\/index.php?rest_route=%2Fwp%2Fv2%2Ftags&post=676232"}],"curies":[{"name":"wp","href":"https:\/\/api.w.org\/{rel}","templated":true}]}}