{"id":676223,"date":"2026-04-30T23:44:01","date_gmt":"2026-05-01T03:44:01","guid":{"rendered":"https:\/\/diariodominicano.com\/?p=676223"},"modified":"2026-04-30T23:44:07","modified_gmt":"2026-05-01T03:44:07","slug":"confederacion-sindical-argentina-marcha-contra-politicas-del-gobierno","status":"publish","type":"post","link":"https:\/\/diariodominicano.com\/?p=676223","title":{"rendered":"Confederaci\u00f3n sindical argentina marcha contra pol\u00edticas del gobierno"},"content":{"rendered":"\n<p>Buenos Aires, 30 abr (Prensa Latina) En v\u00edsperas del D\u00eda Internacional de los Trabajadores, sindicatos de la Confederaci\u00f3n General del Trabajo (CGT) realizan hoy una masiva marcha hacia Plaza de Mayo contra las pol\u00edticas econ\u00f3micas del gobierno de Javier Milei. Igualmente, repudian la situaci\u00f3n actual del empleo, los bajos salarios y el cierre de empresas. A su vez, rechazan la reforma laboral que promulg\u00f3 el ejecutivo, vista como da\u00f1ina a los derechos de los trabajadores.<\/p>\n\n\n\n<ul class=\"wp-block-list\">\n<li><a href=\"https:\/\/www.prensa-latina.cu\/2026\/04\/30\/\"><time>abril 30, 2026 | 14:55<\/time><\/a><\/li>\n<\/ul>\n\n\n\n<ul class=\"wp-block-list\">\n<li><a href=\"https:\/\/www.prensa-latina.cu\/2026\/04\/30\/confederacion-sindical-argentina-marcha-contra-politicas-del-gobierno\/#\"><\/a><\/li>\n\n\n\n<li><a href=\"https:\/\/www.prensa-latina.cu\/2026\/04\/30\/confederacion-sindical-argentina-marcha-contra-politicas-del-gobierno\/#\"><\/a><\/li>\n\n\n\n<li><a href=\"https:\/\/www.prensa-latina.cu\/2026\/04\/30\/confederacion-sindical-argentina-marcha-contra-politicas-del-gobierno\/#\"><\/a><\/li>\n\n\n\n<li><a href=\"https:\/\/www.prensa-latina.cu\/2026\/04\/30\/confederacion-sindical-argentina-marcha-contra-politicas-del-gobierno\/#\"><\/a><\/li>\n<\/ul>\n\n\n\n<p>Desde el mediod\u00eda los gremios comenzaron a concentrarse en la intersecci\u00f3n de las avenidas 9 de Julio y De Mayo en una amplia convocatoria, y comenzaron a marchar sobre las 15:00 hora local, con la participaci\u00f3n de sindicatos, organizaciones sociales y espacios pol\u00edticos opositores.<\/p>\n\n\n\n<p>Est\u00e1 previsto, adem\u00e1s, un acto de homenaje al papa Francisco, al cumplirse un a\u00f1o de su fallecimiento.<\/p>\n\n\n\n<p>La direcci\u00f3n de la CGT, una vez concentrados en Plaza de Mayo frente a la Casa Rosada, leer\u00e1 una dura declaraci\u00f3n contra el presidente Milei, quien hoy se fue de viaje al Atl\u00e1ntico Sur a visitar el portaviones USS Nimitz en una nueva muestra de alineamiento militar con el gobierno de Estados Unidos.<\/p>\n\n\n\n<p>En el documento al que tuvo acceso Prensa Latina, la CGT se\u00f1ala que hoy se discute judicialmente una Ley de reforma Laboral, que despoja de derechos a trabajadoras y trabajadores, y recalca que seguir\u00e1 todas las instancias judiciales para defender las garant\u00edas de la constituci\u00f3n nacional.<\/p>\n\n\n\n<p>Agrega que la mayor\u00eda de los indicadores laborales, econ\u00f3micos y sociales reflejan un retroceso en la calidad de vida del pueblo argentino.<\/p>\n\n\n\n<p>E ilustra que \u201cla actividad econ\u00f3mica y el consumo muestran ca\u00eddas pronunciadas, fundamentalmente las vinculadas a la Industria, Construcci\u00f3n y Comercio. No hay incentivos orientados al crecimiento de la matriz productiva, que permitan alcanzar la trilog\u00eda virtuosa de desarrollo, producci\u00f3n y trabajo\u201d.<\/p>\n\n\n\n<p>Critica que \u201csolo se privilegian los beneficios de un selecto grupo de actores vinculados a la actividad financiera y especulativa\u201d.<\/p>\n\n\n\n<p>La CGT afirma que un modelo de desarrollo requiere necesariamente de la inclusi\u00f3n y de la inversi\u00f3n p\u00fablica como pilar de una estrategia para alcanzarlo.<\/p>\n\n\n\n<p>Recuerda que el pa\u00eds sufre un cierre masivo de empresas (de dic. 2023 a marzo 2026 cerraron 24 mil 180 establecimientos, seg\u00fan datos de la Secretar\u00eda de Trabajo), con una escalada creciente del flagelo de la desocupaci\u00f3n y de la informalidad laboral, alerta.<\/p>\n\n\n\n<p>Repudia las pol\u00edticas de ajuste indiscriminadas que condena a la sociedad argentina a un presente de vulnerabilidad econ\u00f3mica, laboral y social sin precedentes.<\/p>\n\n\n\n<p>La inflaci\u00f3n sigue creciendo \u2013consultoras independientes auguran que puede llegar a cuatro por ciento en abril- con un duro impacto en el poder adquisitivo de los salarios, pese a la ret\u00f3rica oficial.<\/p>\n\n\n\n<p>La declaraci\u00f3n de la CGT refiere que seis de cada 10 hogares argentinos tienen deudas, bancarias o informales, que muestran una morosidad creciente y apremiante, mientras el sistema de salud est\u00e1 en emergencia nacional.<\/p>\n\n\n\n<p>En ese frente \u2013alerta- que el gobierno desfinancia las Obras Sociales sindicales, recorta la obra social del Plan de Asistencia M\u00e9dica Integral de jubilados y pensionados quienes, \u201cadem\u00e1s de percibir montos de haberes paup\u00e9rrimos, les agrava las condiciones de atenci\u00f3n, con falta de m\u00e9dicos, demoras en turnos, problemas de cobertura en medicamentos\u201d.<\/p>\n\n\n\n<p>Finalmente, la CGT llama \u201ca recuperar una cultura del encuentro y del trabajo, como ense\u00f1aba Francisco: \u201cAbrirse a so\u00f1ar cosas grandes, aunque parezcan imposibles\u201d, y sostiene que \u201cnuestro horizonte es transitar hacia un pa\u00eds, socialmente justo, econ\u00f3micamente libre y pol\u00edticamente soberano\u201d.<\/p>\n\n\n\n<p>lam\/mh<\/p>\n\n\n\n<ul class=\"wp-block-list\">\n<li>#<a href=\"https:\/\/www.prensa-latina.cu\/etiqueta\/cgt\/\">cgt<\/a>\u00a0#<a href=\"https:\/\/www.prensa-latina.cu\/etiqueta\/marcha\/\">marcha<\/a><\/li>\n<\/ul>\n\n\n\n<p>MINUTO A MINUTO<\/p>\n\n\n\n<ul class=\"wp-block-list\">\n<li>23:10<\/li>\n<\/ul>\n\n\n\n<p><a href=\"https:\/\/www.prensa-latina.cu\/2026\/04\/30\/iran-alerta-de-nuevos-ataques-de-eeuu-e-israel-durante-negociaciones\/\">Ir\u00e1n alerta de nuevos ataques de EEUU e Israel durante negociaciones<\/a><\/p>\n\n\n\n<ul class=\"wp-block-list\">\n<li>22:35<\/li>\n<\/ul>\n\n\n\n<p><a href=\"https:\/\/www.prensa-latina.cu\/2026\/04\/30\/venezuela-y-eeuu-firman-nuevos-acuerdos-en-materia-de-energia\/\">Venezuela y EEUU firman nuevos acuerdos en materia de energ\u00eda<\/a><\/p>\n\n\n\n<ul class=\"wp-block-list\">\n<li>22:11<\/li>\n<\/ul>\n\n\n\n<p><a href=\"https:\/\/www.prensa-latina.cu\/2026\/04\/30\/venezuela-y-eeuu-reanudan-vuelo-comercial-miami-caracas\/\">Venezuela y EEUU reanudan vuelo comercial Miami-Caracas<\/a><\/p>\n\n\n\n<ul class=\"wp-block-list\">\n<li>22:07<\/li>\n<\/ul>\n\n\n\n<p><a href=\"https:\/\/www.prensa-latina.cu\/2026\/04\/30\/liberan-a-cuatro-policias-haitianos-detenidos-por-causar-tiroteo\/\">Liberan a cuatro polic\u00edas haitianos detenidos por causar tiroteo<\/a><\/p>\n\n\n\n<ul class=\"wp-block-list\">\n<li>22:03<\/li>\n<\/ul>\n\n\n\n<p><a href=\"https:\/\/www.prensa-latina.cu\/2026\/04\/30\/precio-de-la-gasolina-subira-en-colombia-a-partir-de-manana\/\">Precio de la gasolina subir\u00e1 en Colombia a partir de ma\u00f1ana<\/a><\/p>\n\n\n\n<ul class=\"wp-block-list\">\n<li>21:58<\/li>\n<\/ul>\n\n\n\n<p><a href=\"https:\/\/www.prensa-latina.cu\/2026\/04\/30\/brasil-y-otros-11-paises-condenan-ataque-de-israel-contra-flotilla\/\">Brasil y otros 11 pa\u00edses condenan ataque de Israel contra Flotilla<\/a><\/p>\n\n\n\n<p>relacionadas<\/p>\n\n\n\n<figure class=\"wp-block-image\"><img decoding=\"async\" src=\"https:\/\/www.prensa-latina.cu\/wp-content\/uploads\/2026\/04\/Paro-1.jpg\" alt=\"bancarios-argentinos-pararon-universitarios-prosiguen-protestas\" class=\"wp-image-1737241\"\/><\/figure>\n\n\n\n<h4 class=\"wp-block-heading\"><a href=\"https:\/\/www.prensa-latina.cu\/2026\/04\/27\/bancarios-argentinos-pararon-universitarios-prosiguen-protestas\/\">Bancarios argentinos pararon; universitarios prosiguen protestas<\/a><\/h4>\n\n\n\n<ul class=\"wp-block-list\">\n<li>abril 27, 2026<\/li>\n\n\n\n<li>21:47<\/li>\n<\/ul>\n\n\n\n<figure class=\"wp-block-image\"><img decoding=\"async\" src=\"https:\/\/www.prensa-latina.cu\/wp-content\/uploads\/2026\/04\/Solidaridad-con-Cuba-en-Italia-marchas-1.jpg\" alt=\"\" class=\"wp-image-1736113\"\/><\/figure>\n\n\n\n<h4 class=\"wp-block-heading\"><a href=\"https:\/\/www.prensa-latina.cu\/2026\/04\/25\/solidaridad-con-cuba-en-italia-en-marchas-por-el-dia-de-la-liberacion\/\">Solidaridad con Cuba en Italia en marchas por el D\u00eda de la Liberaci\u00f3n<\/a><\/h4>\n\n\n\n<ul class=\"wp-block-list\">\n<li>abril 25, 2026<\/li>\n\n\n\n<li>07:04<\/li>\n<\/ul>\n\n\n\n<h4 class=\"wp-block-heading\"><a href=\"https:\/\/www.prensa-latina.cu\/2026\/04\/24\/campesinos-dominicanos-marchan-contra-exploracion-minera-2\/\">Campesinos dominicanos marchan contra exploraci\u00f3n minera<\/a><\/h4>\n\n\n\n<ul class=\"wp-block-list\">\n<li>abril 24, 2026<\/li>\n\n\n\n<li>21:43<\/li>\n<\/ul>\n\n\n\n<figure class=\"wp-block-image\"><img decoding=\"async\" src=\"https:\/\/www.prensa-latina.cu\/wp-content\/uploads\/2026\/04\/campesinos-dominicanoc-marcha-1.jpg\" alt=\"\" class=\"wp-image-1735982\"\/><\/figure>\n\n\n\n<h4 class=\"wp-block-heading\"><a href=\"https:\/\/www.prensa-latina.cu\/2026\/04\/24\/campesinos-dominicanos-marchan-contra-exploracion-minera\/\">Campesinos dominicanos marchan contra exploraci\u00f3n minera<\/a><\/h4>\n\n\n\n<ul class=\"wp-block-list\">\n<li>abril 24, 2026<\/li>\n\n\n\n<li>21:43<\/li>\n<\/ul>\n\n\n\n<p>TASAS DE CAMBIO \/ EXCHANGE RATES<\/p>\n\n\n\n<p>30 &#8211; abril &#8211; 2026<\/p>\n\n\n\n<p><img decoding=\"async\" src=\"https:\/\/www.bc.gob.cu\/images\/flags\/us.png\" alt=\"USD\">USD<\/p>\n\n\n\n<p>496,00&nbsp;<small>CUP<\/small><\/p>\n\n\n\n<p><img decoding=\"async\" src=\"https:\/\/www.bc.gob.cu\/images\/flags\/eu.png\" alt=\"EUR\">EUR<\/p>\n\n\n\n<p><strong>\u2193-1.14<\/strong>579,85&nbsp;<small>CUP<\/small><\/p>\n\n\n\n<p><img decoding=\"async\" src=\"https:\/\/www.bc.gob.cu\/images\/flags\/ca.png\" alt=\"CAD\">CAD<\/p>\n\n\n\n<p>362,81&nbsp;<small>CUP<\/small><\/p>\n\n\n\n<p><img decoding=\"async\" src=\"https:\/\/www.bc.gob.cu\/images\/flags\/ru.png\" alt=\"RUB\">RUB<\/p>\n\n\n\n<p>6,61&nbsp;<small>CUP<\/small><\/p>\n\n\n\n<p><img decoding=\"async\" src=\"https:\/\/www.bc.gob.cu\/images\/flags\/mx.png\" alt=\"MXN\">MXN<\/p>\n\n\n\n<p><strong>\u2193-0.17<\/strong>28,35&nbsp;<small>CUP<\/small><\/p>\n\n\n\n<p><img decoding=\"async\" src=\"https:\/\/www.bc.gob.cu\/images\/flags\/cn.png\" alt=\"CNY\">CNY<\/p>\n\n\n\n<p>72,53&nbsp;<small>CUP<\/small><\/p>\n\n\n\n<p><img decoding=\"async\" src=\"https:\/\/www.bc.gob.cu\/images\/flags\/gb.png\" alt=\"GBP\">GBP<\/p>\n\n\n\n<p>669,23&nbsp;<small>CUP<\/small><\/p>\n\n\n\n<p><img decoding=\"async\" src=\"https:\/\/www.bc.gob.cu\/images\/flags\/jp.png\" alt=\"JPY\">JPY&nbsp;*<\/p>\n\n\n\n<p>0,32&nbsp;<small>CUP<\/small><\/p>\n\n\n\n<p>Fuente: Banco Central de Cuba<\/p>\n\n\n\n<p>Agencias de noticias y medios digitales<\/p>\n\n\n\n<p><a href=\"http:\/\/www.fidelcastro.cu\/es\"><\/a><a href=\"http:\/\/www.fidelcastro.cu\/es\"><\/a><\/p>\n\n\n\n<p><a href=\"https:\/\/news.vnanet.vn\/?LangID=4\"><\/a><a href=\"https:\/\/news.vnanet.vn\/?LangID=4\"><\/a><\/p>\n\n\n\n<p><a href=\"http:\/\/www.sana.sy\/es\/\"><\/a><a href=\"http:\/\/www.sana.sy\/es\/\"><\/a><\/p>\n\n\n\n<p><a href=\"http:\/\/www.el19digital.com\/\"><\/a><a href=\"http:\/\/www.el19digital.com\/\"><\/a><\/p>\n\n\n\n<p><a href=\"https:\/\/www.correo.ca\/\"><\/a><\/p>\n","protected":false},"excerpt":{"rendered":"<p>Buenos Aires, 30 abr (Prensa Latina) En v\u00edsperas del D\u00eda Internacional de los Trabajadores, sindicatos de la Confederaci\u00f3n General del Trabajo (CGT) realizan hoy una masiva marcha hacia Plaza de Mayo contra las pol\u00edticas econ\u00f3micas del gobierno de Javier Milei. Igualmente, repudian la situaci\u00f3n actual del empleo, los bajos salarios y el cierre de empresas. [&hellip;]<\/p>\n","protected":false},"author":2,"featured_media":676224,"comment_status":"open","ping_status":"closed","sticky":false,"template":"","format":"standard","meta":{"footnotes":""},"categories":[23],"tags":[],"class_list":["post-676223","post","type-post","status-publish","format-standard","has-post-thumbnail","hentry","category-internacional"],"_links":{"self":[{"href":"https:\/\/diariodominicano.com\/index.php?rest_route=\/wp\/v2\/posts\/676223","targetHints":{"allow":["GET"]}}],"collection":[{"href":"https:\/\/diariodominicano.com\/index.php?rest_route=\/wp\/v2\/posts"}],"about":[{"href":"https:\/\/diariodominicano.com\/index.php?rest_route=\/wp\/v2\/types\/post"}],"author":[{"embeddable":true,"href":"https:\/\/diariodominicano.com\/index.php?rest_route=\/wp\/v2\/users\/2"}],"replies":[{"embeddable":true,"href":"https:\/\/diariodominicano.com\/index.php?rest_route=%2Fwp%2Fv2%2Fcomments&post=676223"}],"version-history":[{"count":1,"href":"https:\/\/diariodominicano.com\/index.php?rest_route=\/wp\/v2\/posts\/676223\/revisions"}],"predecessor-version":[{"id":676225,"href":"https:\/\/diariodominicano.com\/index.php?rest_route=\/wp\/v2\/posts\/676223\/revisions\/676225"}],"wp:featuredmedia":[{"embeddable":true,"href":"https:\/\/diariodominicano.com\/index.php?rest_route=\/wp\/v2\/media\/676224"}],"wp:attachment":[{"href":"https:\/\/diariodominicano.com\/index.php?rest_route=%2Fwp%2Fv2%2Fmedia&parent=676223"}],"wp:term":[{"taxonomy":"category","embeddable":true,"href":"https:\/\/diariodominicano.com\/index.php?rest_route=%2Fwp%2Fv2%2Fcategories&post=676223"},{"taxonomy":"post_tag","embeddable":true,"href":"https:\/\/diariodominicano.com\/index.php?rest_route=%2Fwp%2Fv2%2Ftags&post=676223"}],"curies":[{"name":"wp","href":"https:\/\/api.w.org\/{rel}","templated":true}]}}