{"id":676220,"date":"2026-04-30T23:42:11","date_gmt":"2026-05-01T03:42:11","guid":{"rendered":"https:\/\/diariodominicano.com\/?p=676220"},"modified":"2026-04-30T23:42:16","modified_gmt":"2026-05-01T03:42:16","slug":"mexico-senala-posible-objetivo-politico-tras-imputaciones-de-eeuu","status":"publish","type":"post","link":"https:\/\/diariodominicano.com\/?p=676220","title":{"rendered":"M\u00e9xico se\u00f1ala posible objetivo pol\u00edtico tras imputaciones de EEUU"},"content":{"rendered":"\n<p>Ciudad de M\u00e9xico, 30 abr (Prensa Latina) La presidenta Claudia Sheinbaum se\u00f1al\u00f3 hoy posibles objetivos pol\u00edticos en imputaciones de Estados Unidos contra funcionarios mexicanos, debido a la ausencia de pruebas claras, y rechaz\u00f3 la intromisi\u00f3n o injerencia extranjera en este pa\u00eds latinoamericano.<\/p>\n\n\n\n<ul class=\"wp-block-list\">\n<li><a href=\"https:\/\/www.prensa-latina.cu\/2026\/04\/30\/\"><time>abril 30, 2026 | 11:07<\/time><\/a><\/li>\n<\/ul>\n\n\n\n<ul class=\"wp-block-list\">\n<li><a href=\"https:\/\/www.prensa-latina.cu\/2026\/04\/30\/mexico-senala-posible-objetivo-politico-tras-imputaciones-de-eeuu\/#\"><\/a><\/li>\n\n\n\n<li><a href=\"https:\/\/www.prensa-latina.cu\/2026\/04\/30\/mexico-senala-posible-objetivo-politico-tras-imputaciones-de-eeuu\/#\"><\/a><\/li>\n\n\n\n<li><a href=\"https:\/\/www.prensa-latina.cu\/2026\/04\/30\/mexico-senala-posible-objetivo-politico-tras-imputaciones-de-eeuu\/#\"><\/a><\/li>\n\n\n\n<li><a href=\"https:\/\/www.prensa-latina.cu\/2026\/04\/30\/mexico-senala-posible-objetivo-politico-tras-imputaciones-de-eeuu\/#\"><\/a><\/li>\n<\/ul>\n\n\n\n<p>\u201cComo Presidenta de la Rep\u00fablica, mi posici\u00f3n ante estos hechos es: verdad, justicia y defensa de la soberan\u00eda\u201d, asever\u00f3 la jefa del Ejecutivo en alusi\u00f3n a las solicitudes de detenci\u00f3n provisional con fines de extradici\u00f3n por parte de Washington para 10 funcionarios y exfuncionarios.<\/p>\n\n\n\n<p>Sheinbaum afirm\u00f3 que, si la Fiscal\u00eda General de la Rep\u00fablica (FGR) recibe pruebas contundentes e irrefutables conforme a la legislaci\u00f3n mexicana, o en su propia investigaci\u00f3n encuentra elementos constitutivos de un delito, deber\u00e1 proceder conforme a derecho, bajo la jurisdicci\u00f3n nacional.<\/p>\n\n\n\n<p>\u201cLo he dicho siempre de forma clara y hemos actuado en consecuencia: nosotros no vamos a cubrir a nadie que haya cometido un delito; sin embargo, si no existen pruebas claras, es evidente que el objetivo de estas imputaciones por parte del Departamento de Justicia es pol\u00edtico\u201d, sostuvo.<\/p>\n\n\n\n<p>Al dar lectura a un comunicado, recalc\u00f3 que bajo ning\u00fan motivo se permitir\u00e1 \u201cla intromisi\u00f3n o injerencia de un gobierno extranjero en las decisiones que le competen exclusivamente al pueblo de M\u00e9xico\u201d.<\/p>\n\n\n\n<p>En su habitual encuentro con medios de comunicaci\u00f3n, la dignataria record\u00f3 que, desde que asumi\u00f3 la Presidencia, jur\u00f3 hacer respetar la Constituci\u00f3n y las leyes, adem\u00e1s de asumir el firme compromiso de velar por el bienestar del pueblo y la defensa de la soberan\u00eda nacional.<\/p>\n\n\n\n<p>\u201cM\u00e9xico establece una relaci\u00f3n de iguales con todas las naciones, nunca de subordinaci\u00f3n y menos de entreguismo\u201d, enfatiz\u00f3.<\/p>\n\n\n\n<p>El Departamento de Justicia de Estados Unidos para el Distrito Sur de Nueva York hizo p\u00fablico ayer el levantamiento de cargos contra los 10 ciudadanos, entre los que se encuentran el gobernador en funciones de Sinaloa, el senador por la entidad federativa y el alcalde de Culiac\u00e1n.<\/p>\n\n\n\n<p>\u201cAnexo a esta acusaci\u00f3n, public\u00f3 un documento denominado en espa\u00f1ol Acusaci\u00f3n de reemplazo bajo reserva. Esto llev\u00f3 un extra\u00f1amiento del Jur\u00eddico de Relaciones Exteriores, dado que estos procesos son confidenciales, acorde con los tratados en la materia\u201d, apunt\u00f3 Sheinbaum.<\/p>\n\n\n\n<p>La Secretar\u00eda de Relaciones Exteriores inform\u00f3 la v\u00edspera sobre las solicitudes de Washington, refiri\u00f3 que en los documentos no se anexaban pruebas y remiti\u00f3 la informaci\u00f3n a la FGR, acorde con el marco normativo vigente.<\/p>\n\n\n\n<p>El mi\u00e9rcoles la Fiscal\u00eda declar\u00f3 que iniciar\u00e1 una investigaci\u00f3n tras las peticiones de Estados Unidos y confirm\u00f3 que estas carecen de elementos probatorios suficientes.<\/p>\n\n\n\n<p>Seg\u00fan lo difundido, el \u2060Departamento de \u2060Justicia estadounidense present\u00f3 los cargos contra los ciudadanos por una supuesta vinculaci\u00f3n con el C\u00e1rtel de Sinaloa.<\/p>\n\n\n\n<p>A trav\u00e9s de un mensaje en la red social X, el gobernador de Sinaloa, Rub\u00e9n Rocha, rechaz\u00f3 \u201ccateg\u00f3rica y absolutamente\u201d las imputaciones formuladas en su contra por la Fiscal\u00eda Federal del Distrito Sur de Nueva York, pues \u201ccarecen de veracidad y fundamento alguno\u201d.<\/p>\n\n\n\n<p>ro\/las<\/p>\n\n\n\n<ul class=\"wp-block-list\">\n<li>#<a href=\"https:\/\/www.prensa-latina.cu\/etiqueta\/eeuu\/\">eeuu<\/a>\u00a0#<a href=\"https:\/\/www.prensa-latina.cu\/etiqueta\/extradicion\/\">extradici\u00f3n<\/a>\u00a0#<a href=\"https:\/\/www.prensa-latina.cu\/etiqueta\/mexico\/\">M\u00e9xico<\/a>\u00a0#<a href=\"https:\/\/www.prensa-latina.cu\/etiqueta\/sheinbaum\/\">sheinbaum<\/a>\u00a0#<a href=\"https:\/\/www.prensa-latina.cu\/etiqueta\/sinaloa\/\">sinaloa<\/a><\/li>\n<\/ul>\n","protected":false},"excerpt":{"rendered":"<p>Ciudad de M\u00e9xico, 30 abr (Prensa Latina) La presidenta Claudia Sheinbaum se\u00f1al\u00f3 hoy posibles objetivos pol\u00edticos en imputaciones de Estados Unidos contra funcionarios mexicanos, debido a la ausencia de pruebas claras, y rechaz\u00f3 la intromisi\u00f3n o injerencia extranjera en este pa\u00eds latinoamericano. \u201cComo Presidenta de la Rep\u00fablica, mi posici\u00f3n ante estos hechos es: verdad, justicia [&hellip;]<\/p>\n","protected":false},"author":2,"featured_media":676221,"comment_status":"open","ping_status":"closed","sticky":false,"template":"","format":"standard","meta":{"footnotes":""},"categories":[23],"tags":[4246],"class_list":["post-676220","post","type-post","status-publish","format-standard","has-post-thumbnail","hentry","category-internacional","tag-mexico-3"],"_links":{"self":[{"href":"https:\/\/diariodominicano.com\/index.php?rest_route=\/wp\/v2\/posts\/676220","targetHints":{"allow":["GET"]}}],"collection":[{"href":"https:\/\/diariodominicano.com\/index.php?rest_route=\/wp\/v2\/posts"}],"about":[{"href":"https:\/\/diariodominicano.com\/index.php?rest_route=\/wp\/v2\/types\/post"}],"author":[{"embeddable":true,"href":"https:\/\/diariodominicano.com\/index.php?rest_route=\/wp\/v2\/users\/2"}],"replies":[{"embeddable":true,"href":"https:\/\/diariodominicano.com\/index.php?rest_route=%2Fwp%2Fv2%2Fcomments&post=676220"}],"version-history":[{"count":1,"href":"https:\/\/diariodominicano.com\/index.php?rest_route=\/wp\/v2\/posts\/676220\/revisions"}],"predecessor-version":[{"id":676222,"href":"https:\/\/diariodominicano.com\/index.php?rest_route=\/wp\/v2\/posts\/676220\/revisions\/676222"}],"wp:featuredmedia":[{"embeddable":true,"href":"https:\/\/diariodominicano.com\/index.php?rest_route=\/wp\/v2\/media\/676221"}],"wp:attachment":[{"href":"https:\/\/diariodominicano.com\/index.php?rest_route=%2Fwp%2Fv2%2Fmedia&parent=676220"}],"wp:term":[{"taxonomy":"category","embeddable":true,"href":"https:\/\/diariodominicano.com\/index.php?rest_route=%2Fwp%2Fv2%2Fcategories&post=676220"},{"taxonomy":"post_tag","embeddable":true,"href":"https:\/\/diariodominicano.com\/index.php?rest_route=%2Fwp%2Fv2%2Ftags&post=676220"}],"curies":[{"name":"wp","href":"https:\/\/api.w.org\/{rel}","templated":true}]}}