{"id":676204,"date":"2026-04-30T16:41:16","date_gmt":"2026-04-30T20:41:16","guid":{"rendered":"https:\/\/diariodominicano.com\/?p=676204"},"modified":"2026-04-30T16:41:27","modified_gmt":"2026-04-30T20:41:27","slug":"el-papa-leon-xiv-pide-orar-en-mayo-por-una-alimentacion-para-todos","status":"publish","type":"post","link":"https:\/\/diariodominicano.com\/?p=676204","title":{"rendered":"El Papa Le\u00f3n XIV pide orar en mayo \u201cpor una alimentaci\u00f3n para todos\u201d"},"content":{"rendered":"\n<p>diariodominicano.com<\/p>\n\n\n\n<p>Por Victoria Cardiel es periodista especializada en temas de informaci\u00f3n social y religiosa<\/p>\n\n\n\n<p>Vaticano, 30 de abril, 2026.-  En un contexto marcado por el aumento del hambre y el desperdicio de alimentos a nivel mundial, el Papa Le\u00f3n XIV invit\u00f3 a los fieles a unirse en oraci\u00f3n por los que padecen \u201chambre, mientras tantos bienes se desperdician en nuestras mesas\u201d.<\/p>\n\n\n\n<p>A trav\u00e9s de la iniciativa mensual \u201c<a href=\"https:\/\/www.popesprayer.va\/es\/rezaconelpapa\/\">Reza con el Papa<\/a>\u201d, la&nbsp;<a href=\"https:\/\/www.popesprayer.va\/es\/\">Red Mundial de Oraci\u00f3n del Papa<\/a>&nbsp;dio a conocer la intenci\u00f3n del Pont\u00edfice para este mes de mayo, en la que insta a replantear la relaci\u00f3n cotidiana con los alimentos, promoviendo una actitud de gratitud y sobriedad.&nbsp;<\/p>\n\n\n\n<p>En este sentido, invita a reconocer cada alimento como un don recibido y a compartirlo con generosidad, recordando que los frutos de la tierra son un regalo de Dios \u201cdestinado a todos, no solo a unos pocos\u201d.<\/p>\n\n\n\n<p>Asimismo, pide a Dios que las comunidades cristianas y la sociedad en su conjunto sean capaces de cambiar \u201cla l\u00f3gica del consumo ego\u00edsta en una cultura de solidaridad\u201d.&nbsp;<\/p>\n\n\n\n<p>Esta conversi\u00f3n, explica, debe expresarse en acciones concretas como campa\u00f1as de sensibilizaci\u00f3n, el fortalecimiento de bancos de alimentos y la adopci\u00f3n de un estilo de vida m\u00e1s responsable y austero.&nbsp;<\/p>\n\n\n\n<p>La oraci\u00f3n concluye con una s\u00faplica de inspiraci\u00f3n evang\u00e9lica: \u201cQue nadie quede excluido de la mesa com\u00fan\u201d.<\/p>\n\n\n\n<h2 class=\"wp-block-heading\">Una crisis alimentaria mundial en aumento<\/h2>\n\n\n\n<p>La intenci\u00f3n de oraci\u00f3n del Papa se inscribe en un escenario internacional preocupante. Seg\u00fan el WFP 2026 Global Outlook del Programa Mundial de Alimentos, 318 millones de personas afrontar\u00e1n en 2026 situaciones de crisis de hambre o condiciones a\u00fan m\u00e1s graves.&nbsp;<\/p>\n\n\n\n<p>El informe alerta adem\u00e1s de que el conflicto en Oriente Medio podr\u00eda empujar a otros 45 millones de personas a padecer hambre aguda antes de mediados de a\u00f1o.&nbsp;<\/p>\n\n\n\n<p>En 2025 se confirmaron, adem\u00e1s, dos hambrunas simult\u00e1neas en Gaza y Sud\u00e1n, las primeras registradas en este siglo.<\/p>\n\n\n\n<p>Con esta propuesta, el Santo Padre pone el foco en una realidad que afecta a millones de personas en todo el mundo y apela a la conciencia de creyentes y personas de buena voluntad.&nbsp;<\/p>\n\n\n\n<p>En su oraci\u00f3n, Le\u00f3n XIV expresa su dolor ante la injusticia que supone que, mientras una parte de la humanidad carece de lo necesario para vivir, en otros lugares los alimentos se desechan en grandes cantidades.<\/p>\n\n\n\n<p>El estado de la seguridad alimentaria y la nutrici\u00f3n en el mundo 2025, elaborado por varias agencias de Naciones Unidas, se\u00f1ala que 673 millones de personas pasaron hambre en 2024 y alrededor de 2.300 millones viv\u00edan en condiciones de inseguridad alimentaria moderada o grave.&nbsp;<\/p>\n\n\n\n<p>M\u00e1s de 2.600 millones de personas no pod\u00edan permitirse una dieta saludable, mientras que la inseguridad alimentaria aguda continuar\u00e1 agrav\u00e1ndose en al menos 16 pa\u00edses y territorios identificados como puntos cr\u00edticos.<\/p>\n\n\n\n<p>Este panorama contrasta de forma dram\u00e1tica con las cifras de desperdicio alimentario. El Programa de las Naciones Unidas para el Medio Ambiente estima que cada a\u00f1o se desperdician en el mundo m\u00e1s de 1.000 millones de toneladas de alimentos, un fen\u00f3meno que, adem\u00e1s de \u00e9ticamente inaceptable, tiene un fuerte impacto ambiental al generar entre el 8 % y el 10 % de las emisiones globales de gases de efecto invernadero.<\/p>\n\n\n\n<p>Ante esta paradoja, el Papa Le\u00f3n XIV invita a colocar en el centro de la oraci\u00f3n y de la acci\u00f3n concreta el derecho de todas las personas a una alimentaci\u00f3n digna, recordando que compartir el pan es tambi\u00e9n un camino hacia la justicia, la paz y la fraternidad.<\/p>\n\n\n\n<p><\/p>\n","protected":false},"excerpt":{"rendered":"<p>diariodominicano.com Por Victoria Cardiel es periodista especializada en temas de informaci\u00f3n social y religiosa Vaticano, 30 de abril, 2026.- En un contexto marcado por el aumento del hambre y el desperdicio de alimentos a nivel mundial, el Papa Le\u00f3n XIV invit\u00f3 a los fieles a unirse en oraci\u00f3n por los que padecen \u201chambre, mientras tantos [&hellip;]<\/p>\n","protected":false},"author":5,"featured_media":676205,"comment_status":"closed","ping_status":"closed","sticky":false,"template":"","format":"standard","meta":{"footnotes":""},"categories":[23,27],"tags":[],"class_list":["post-676204","post","type-post","status-publish","format-standard","has-post-thumbnail","hentry","category-internacional","category-portada"],"_links":{"self":[{"href":"https:\/\/diariodominicano.com\/index.php?rest_route=\/wp\/v2\/posts\/676204","targetHints":{"allow":["GET"]}}],"collection":[{"href":"https:\/\/diariodominicano.com\/index.php?rest_route=\/wp\/v2\/posts"}],"about":[{"href":"https:\/\/diariodominicano.com\/index.php?rest_route=\/wp\/v2\/types\/post"}],"author":[{"embeddable":true,"href":"https:\/\/diariodominicano.com\/index.php?rest_route=\/wp\/v2\/users\/5"}],"replies":[{"embeddable":true,"href":"https:\/\/diariodominicano.com\/index.php?rest_route=%2Fwp%2Fv2%2Fcomments&post=676204"}],"version-history":[{"count":1,"href":"https:\/\/diariodominicano.com\/index.php?rest_route=\/wp\/v2\/posts\/676204\/revisions"}],"predecessor-version":[{"id":676206,"href":"https:\/\/diariodominicano.com\/index.php?rest_route=\/wp\/v2\/posts\/676204\/revisions\/676206"}],"wp:featuredmedia":[{"embeddable":true,"href":"https:\/\/diariodominicano.com\/index.php?rest_route=\/wp\/v2\/media\/676205"}],"wp:attachment":[{"href":"https:\/\/diariodominicano.com\/index.php?rest_route=%2Fwp%2Fv2%2Fmedia&parent=676204"}],"wp:term":[{"taxonomy":"category","embeddable":true,"href":"https:\/\/diariodominicano.com\/index.php?rest_route=%2Fwp%2Fv2%2Fcategories&post=676204"},{"taxonomy":"post_tag","embeddable":true,"href":"https:\/\/diariodominicano.com\/index.php?rest_route=%2Fwp%2Fv2%2Ftags&post=676204"}],"curies":[{"name":"wp","href":"https:\/\/api.w.org\/{rel}","templated":true}]}}