{"id":676201,"date":"2026-04-30T15:51:18","date_gmt":"2026-04-30T19:51:18","guid":{"rendered":"https:\/\/diariodominicano.com\/?p=676201"},"modified":"2026-04-30T15:51:19","modified_gmt":"2026-04-30T19:51:19","slug":"presidente-dominicano-resalta-legado-etico-de-francisco-espaillat","status":"publish","type":"post","link":"https:\/\/diariodominicano.com\/?p=676201","title":{"rendered":"Presidente dominicano resalta legado \u00e9tico de Francisco Espaillat"},"content":{"rendered":"\n<p>diariodominicano.com<\/p>\n\n\n\n<p>Santo Domingo, 30 abr (Prensa Latina) El presidente de la Rep\u00fablica Dominicana, Luis Abinader, encabez\u00f3 hoy el acto por el 150 aniversario del gobierno de Ulises Francisco Espaillat, a quien defini\u00f3 como el mayor referente \u00e9tico de la naci\u00f3n.<\/p>\n\n\n\n<p>Durante la ceremonia, el mandatario otorg\u00f3 de manera p\u00f3stuma a Espaillat la condecoraci\u00f3n de la Orden del M\u00e9rito de Duarte, S\u00e1nchez y Mella en el Grado de Gran Cruz Placa de Oro, en el marco del D\u00eda Nacional de la \u00c9tica Ciudadana.<\/p>\n\n\n\n<p>La distinci\u00f3n fue recibida en custodia por la Academia Dominicana de la Historia, donde ser\u00e1 exhibida junto a otras reliquias institucionales.<\/p>\n\n\n\n<p>Abinader destac\u00f3 que el legado del expresidente mantiene vigencia en la actualidad. \u201cCuando impulsamos una gesti\u00f3n p\u00fablica basada en la transparencia, cuando fortalecemos los mecanismos de rendici\u00f3n de cuentas, cuando defendemos la independencia del Ministerio P\u00fablico, y promovemos que la ley se aplique sin excepciones\u201d, expres\u00f3.<\/p>\n\n\n\n<p>Asimismo, el ministro de Cultura Roberto \u00c1ngel Salcedo, quien preside la comisi\u00f3n creada para la conmemoraci\u00f3n del sesquicentenario, resalt\u00f3 el desarrollo de diversas actividades para difundir la figura y legado de Espaillat, entre ellas la Feria Regional del Libro y la Cultura Cibao 2026, conferencias y la publicaci\u00f3n de obras sobre su pensamiento.<\/p>\n\n\n\n<p>Ulises Francisco Espaillat fue un pol\u00edtico que ocup\u00f3 la presidencia de la Rep\u00fablica en 1876. De formaci\u00f3n farmac\u00e9utica, se destac\u00f3 por su defensa de los ideales independentistas y su compromiso con el progreso colectivo.<\/p>\n\n\n\n<p>Particip\u00f3 activamente en la lucha restauradora, ocupando en dos ocasiones la vicepresidencia del Gobierno, y mantuvo una firme postura \u00e9tica que lo llev\u00f3 incluso a rechazar cargos p\u00fablicos en distintas etapas de su vida.<\/p>\n\n\n\n<p>Durante su breve mandato presidencial, iniciado el 15 de abril de 1876, prioriz\u00f3 la educaci\u00f3n, aunque fue derrocado ese mismo a\u00f1o por un golpe de Estado.<\/p>\n\n\n\n<p>Historiadores definen su gobierno de \u00abpatri\u00f3tico, honesto, progresista y democr\u00e1tico\u00bb.<\/p>\n\n\n\n<p>lam\/mpv<\/p>\n","protected":false},"excerpt":{"rendered":"<p>diariodominicano.com Santo Domingo, 30 abr (Prensa Latina) El presidente de la Rep\u00fablica Dominicana, Luis Abinader, encabez\u00f3 hoy el acto por el 150 aniversario del gobierno de Ulises Francisco Espaillat, a quien defini\u00f3 como el mayor referente \u00e9tico de la naci\u00f3n. Durante la ceremonia, el mandatario otorg\u00f3 de manera p\u00f3stuma a Espaillat la condecoraci\u00f3n de la [&hellip;]<\/p>\n","protected":false},"author":5,"featured_media":676202,"comment_status":"closed","ping_status":"closed","sticky":false,"template":"","format":"standard","meta":{"footnotes":""},"categories":[1],"tags":[],"class_list":["post-676201","post","type-post","status-publish","format-standard","has-post-thumbnail","hentry","category-editorial"],"_links":{"self":[{"href":"https:\/\/diariodominicano.com\/index.php?rest_route=\/wp\/v2\/posts\/676201","targetHints":{"allow":["GET"]}}],"collection":[{"href":"https:\/\/diariodominicano.com\/index.php?rest_route=\/wp\/v2\/posts"}],"about":[{"href":"https:\/\/diariodominicano.com\/index.php?rest_route=\/wp\/v2\/types\/post"}],"author":[{"embeddable":true,"href":"https:\/\/diariodominicano.com\/index.php?rest_route=\/wp\/v2\/users\/5"}],"replies":[{"embeddable":true,"href":"https:\/\/diariodominicano.com\/index.php?rest_route=%2Fwp%2Fv2%2Fcomments&post=676201"}],"version-history":[{"count":1,"href":"https:\/\/diariodominicano.com\/index.php?rest_route=\/wp\/v2\/posts\/676201\/revisions"}],"predecessor-version":[{"id":676203,"href":"https:\/\/diariodominicano.com\/index.php?rest_route=\/wp\/v2\/posts\/676201\/revisions\/676203"}],"wp:featuredmedia":[{"embeddable":true,"href":"https:\/\/diariodominicano.com\/index.php?rest_route=\/wp\/v2\/media\/676202"}],"wp:attachment":[{"href":"https:\/\/diariodominicano.com\/index.php?rest_route=%2Fwp%2Fv2%2Fmedia&parent=676201"}],"wp:term":[{"taxonomy":"category","embeddable":true,"href":"https:\/\/diariodominicano.com\/index.php?rest_route=%2Fwp%2Fv2%2Fcategories&post=676201"},{"taxonomy":"post_tag","embeddable":true,"href":"https:\/\/diariodominicano.com\/index.php?rest_route=%2Fwp%2Fv2%2Ftags&post=676201"}],"curies":[{"name":"wp","href":"https:\/\/api.w.org\/{rel}","templated":true}]}}