{"id":676198,"date":"2026-04-30T15:12:12","date_gmt":"2026-04-30T19:12:12","guid":{"rendered":"https:\/\/diariodominicano.com\/?p=676198"},"modified":"2026-04-30T15:12:22","modified_gmt":"2026-04-30T19:12:22","slug":"sheinbaum-rechaza-injerencia-de-eeuu-tras-solicitud-de-extradicion-de-10-mexicanos-entre-ellos-el-gobernador-de-sinaloa","status":"publish","type":"post","link":"https:\/\/diariodominicano.com\/?p=676198","title":{"rendered":"Sheinbaum rechaza \u00abinjerencia\u00bb de EEUU tras solicitud de extradici\u00f3n de 10 mexicanos, entre ellos el gobernador de Sinaloa"},"content":{"rendered":"\n<p>diariodominicano.com<\/p>\n\n\n\n<p>M\u00c9XICO, 30 abr (Xinhua) &#8212; La presidenta de M\u00e9xico, Claudia Sheinbaum, expres\u00f3 este jueves un en\u00e9rgico rechazo a cualquier intromisi\u00f3n extranjera en los aviones internos del pa\u00eds, tras la solicitud del Gobierno de Estados Unidos de extraditar a 10 ciudadanos mexicanos, entre ellos el gobernador de Sinaloa, Rub\u00e9n Rocha Moya, por presuntas actividades il\u00edcitas relacionadas con el tr\u00e1fico de armas y narc\u00f3ticos. En su habitual conferencia matutina desde el Palacio Nacional, la mandataria mexicana calific\u00f3 las acusaciones como potencialmente motivadas por intereses pol\u00edticos y reafirm\u00f3 que la defensa de la soberan\u00eda nacional es un principio irrenunciable de su administraci\u00f3n. \u00abBajo ning\u00fan motivo vamos a permitir la intromisi\u00f3n o injerencia de un gobierno extranjero en las decisiones que le compiten exclusivamente al pueblo de M\u00e9xico\u00bb, expres\u00f3 Sheinbaum al leer la posici\u00f3n del Gobierno mexicano sobre el caso. \u00abEs evidente que el objetivo de estas imputaciones por parte del Departamento de Justicia (de Estados Unidos) es pol\u00edtico\u00bb, agreg\u00f3 la presidenta, al destacar que \u00abno existen pruebas claras\u00bb contra los imputados. Sheinbaum dijo que desde la noche del pasado 28 de abril, la canciller\u00eda mexicana recibi\u00f3 solicitudes de \u00abdetenci\u00f3n provisional con multas de extradici\u00f3n para 10 ciudadanos mexicanos\u00bb. Agreg\u00f3 que la documentaci\u00f3n fue turnada al d\u00eda siguiente a la Fiscal\u00eda General de la Rep\u00fablica para su evaluaci\u00f3n \u00abconforme a la legislaci\u00f3n mexicana\u00bb. No obstante, se\u00f1al\u00f3 que el 29 de abril el Departamento de Justicia de Estados Unidos, a trav\u00e9s de la fiscal\u00eda del Distrito Sur de Nueva York, hizo p\u00fablico el levantamiento de cargos contra los 10 imputados, lo que motiv\u00f3 un extra\u00f1amiento por parte de las autoridades mexicanas al considerar que se vulneraron los procesos de confidencialidad. Sheinbaum dijo que la Fiscal\u00eda mexicana analiza los documentos para ver su viabilidad, al tiempo que \u00abiniciar\u00e1 una investigaci\u00f3n para llegarse de toda la informaci\u00f3n necesaria para conocer si existen datos de prueba que determinar\u00e1n la eventualidad de que la acusaci\u00f3n hecha por las autoridades estadounidenses cuente con el fundamento legal para solicitar \u00f3rdenes de aprensi\u00f3n\u00bb. \u00abComo presidenta de la Rep\u00fablica, mi posici\u00f3n ante estos hechos es verdad, justicia y defensa de la soberan\u00eda\u00bb, reiter\u00f3. La mandataria dej\u00f3 en claro que si la Fiscal\u00eda encuentra pruebas contundentes contra los inculpados, actuar\u00e1 conforme a la ley, al subrayar que \u00abnosotros no vamos a cubrir a nadie que haya cometido un delito\u00bb. La canciller\u00eda mexicana confirm\u00f3 la v\u00edspera las solicitudes de extradici\u00f3n, que apuntan a una supuesta colaboraci\u00f3n entre ciudadanos mexicanos y una facci\u00f3n del c\u00e1rtel de las drogas liderada por los hijos del capo Joaqu\u00edn \u00abEl Chapo\u00bb Guzm\u00e1n, preso en Estados Unidos por cargos de lavado de dinero y tr\u00e1fico de drogas.La controversia surge en un momento delicado para las relaciones entre M\u00e9xico y Estados Unidos, marcadas por recientes tensiones en materia de seguridad y en v\u00edsperas de la revisi\u00f3n del Tratado entre M\u00e9xico, Estados Unidos y Canad\u00e1 (T-MEC).<\/p>\n","protected":false},"excerpt":{"rendered":"<p>diariodominicano.com M\u00c9XICO, 30 abr (Xinhua) &#8212; La presidenta de M\u00e9xico, Claudia Sheinbaum, expres\u00f3 este jueves un en\u00e9rgico rechazo a cualquier intromisi\u00f3n extranjera en los aviones internos del pa\u00eds, tras la solicitud del Gobierno de Estados Unidos de extraditar a 10 ciudadanos mexicanos, entre ellos el gobernador de Sinaloa, Rub\u00e9n Rocha Moya, por presuntas actividades il\u00edcitas [&hellip;]<\/p>\n","protected":false},"author":5,"featured_media":676199,"comment_status":"closed","ping_status":"closed","sticky":false,"template":"","format":"standard","meta":{"footnotes":""},"categories":[23,27],"tags":[],"class_list":["post-676198","post","type-post","status-publish","format-standard","has-post-thumbnail","hentry","category-internacional","category-portada"],"_links":{"self":[{"href":"https:\/\/diariodominicano.com\/index.php?rest_route=\/wp\/v2\/posts\/676198","targetHints":{"allow":["GET"]}}],"collection":[{"href":"https:\/\/diariodominicano.com\/index.php?rest_route=\/wp\/v2\/posts"}],"about":[{"href":"https:\/\/diariodominicano.com\/index.php?rest_route=\/wp\/v2\/types\/post"}],"author":[{"embeddable":true,"href":"https:\/\/diariodominicano.com\/index.php?rest_route=\/wp\/v2\/users\/5"}],"replies":[{"embeddable":true,"href":"https:\/\/diariodominicano.com\/index.php?rest_route=%2Fwp%2Fv2%2Fcomments&post=676198"}],"version-history":[{"count":1,"href":"https:\/\/diariodominicano.com\/index.php?rest_route=\/wp\/v2\/posts\/676198\/revisions"}],"predecessor-version":[{"id":676200,"href":"https:\/\/diariodominicano.com\/index.php?rest_route=\/wp\/v2\/posts\/676198\/revisions\/676200"}],"wp:featuredmedia":[{"embeddable":true,"href":"https:\/\/diariodominicano.com\/index.php?rest_route=\/wp\/v2\/media\/676199"}],"wp:attachment":[{"href":"https:\/\/diariodominicano.com\/index.php?rest_route=%2Fwp%2Fv2%2Fmedia&parent=676198"}],"wp:term":[{"taxonomy":"category","embeddable":true,"href":"https:\/\/diariodominicano.com\/index.php?rest_route=%2Fwp%2Fv2%2Fcategories&post=676198"},{"taxonomy":"post_tag","embeddable":true,"href":"https:\/\/diariodominicano.com\/index.php?rest_route=%2Fwp%2Fv2%2Ftags&post=676198"}],"curies":[{"name":"wp","href":"https:\/\/api.w.org\/{rel}","templated":true}]}}