{"id":676192,"date":"2026-04-30T14:56:08","date_gmt":"2026-04-30T18:56:08","guid":{"rendered":"https:\/\/diariodominicano.com\/?p=676192"},"modified":"2026-04-30T14:56:20","modified_gmt":"2026-04-30T18:56:20","slug":"reino-unido-eleva-a-severo-nivel-de-alerta-terrorista-tras-ataque-con-cuchillo-en-londres","status":"publish","type":"post","link":"https:\/\/diariodominicano.com\/?p=676192","title":{"rendered":"Reino Unido eleva a \u00absevero\u00bb nivel de alerta terrorista tras ataque con cuchillo en Londres"},"content":{"rendered":"\n<p>diariodominicano.com<\/p>\n\n\n\n<p>LONDRES, 30 abr (Xinhua) &#8212; Reino Unido elev\u00f3 hoy jueves su nivel de alerta terrorista a \u00absevero\u00bb, el segundo m\u00e1s elevado, luego de que la polic\u00eda declar\u00f3 como \u00abincidente terrorista\u00bb un apu\u00f1alamiento ocurrido el mi\u00e9rcoles en Golders Green, indic\u00f3 la secretaria del Interior, Shabana Mahmood. \u00abHoy se ha elevado el nivel de amenaza nacional a &#8216;severo&#8217;, lo que significa que se considera altamente probable que ocurra un ataque terrorista\u00bb, dijo Mahmood, quien agreg\u00f3 que la medida podr\u00eda causar preocupaci\u00f3n \u00abespecialmente entre nuestra comunidad jud\u00eda, la cual ha sufrido tanto\u00bb. El ataque ocurri\u00f3 el mi\u00e9rcoles en Golders Green, un barrio del noroeste de Londres, en donde un hombre armado con un cuchillo atac\u00f3 a transe\u00fantes jud\u00edos. M\u00e1s tarde, la polic\u00eda antiterrorismo declar\u00f3 que el incidente se trat\u00f3 de un acto terrorista. Dos v\u00edctimas, de 76 y 34 a\u00f1os, fueron apu\u00f1aladas y permanecen hospitalizadas, indic\u00f3 Laurence Taylor, jefe de la polic\u00eda antiterrorismo de la Polic\u00eda Metropolitana. La polic\u00eda dijo que el sospechoso, un hombre brit\u00e1nico de 45 a\u00f1os nacido en Somalia, fue detenido. El primer ministro brit\u00e1nico, Keir Starmer, dijo hoy que las autoridades est\u00e1n \u00abacelerando la aprobaci\u00f3n de legislaci\u00f3n para lidiar con actores estatales malignos\u00bb y enfatiz\u00f3 la necesidad de abordar \u00ablas causas de ra\u00edz tanto del antisemitismo como del extremismo\u00bb. En una declaraci\u00f3n emitida m\u00e1s tarde por Downing Street, Starmer indic\u00f3 que el Gobierno aumentar\u00e1 la inversi\u00f3n en los servicios de seguridad jud\u00edos.<\/p>\n","protected":false},"excerpt":{"rendered":"<p>diariodominicano.com LONDRES, 30 abr (Xinhua) &#8212; Reino Unido elev\u00f3 hoy jueves su nivel de alerta terrorista a \u00absevero\u00bb, el segundo m\u00e1s elevado, luego de que la polic\u00eda declar\u00f3 como \u00abincidente terrorista\u00bb un apu\u00f1alamiento ocurrido el mi\u00e9rcoles en Golders Green, indic\u00f3 la secretaria del Interior, Shabana Mahmood. \u00abHoy se ha elevado el nivel de amenaza nacional [&hellip;]<\/p>\n","protected":false},"author":5,"featured_media":676193,"comment_status":"closed","ping_status":"closed","sticky":false,"template":"","format":"standard","meta":{"footnotes":""},"categories":[23,27],"tags":[],"class_list":["post-676192","post","type-post","status-publish","format-standard","has-post-thumbnail","hentry","category-internacional","category-portada"],"_links":{"self":[{"href":"https:\/\/diariodominicano.com\/index.php?rest_route=\/wp\/v2\/posts\/676192","targetHints":{"allow":["GET"]}}],"collection":[{"href":"https:\/\/diariodominicano.com\/index.php?rest_route=\/wp\/v2\/posts"}],"about":[{"href":"https:\/\/diariodominicano.com\/index.php?rest_route=\/wp\/v2\/types\/post"}],"author":[{"embeddable":true,"href":"https:\/\/diariodominicano.com\/index.php?rest_route=\/wp\/v2\/users\/5"}],"replies":[{"embeddable":true,"href":"https:\/\/diariodominicano.com\/index.php?rest_route=%2Fwp%2Fv2%2Fcomments&post=676192"}],"version-history":[{"count":1,"href":"https:\/\/diariodominicano.com\/index.php?rest_route=\/wp\/v2\/posts\/676192\/revisions"}],"predecessor-version":[{"id":676194,"href":"https:\/\/diariodominicano.com\/index.php?rest_route=\/wp\/v2\/posts\/676192\/revisions\/676194"}],"wp:featuredmedia":[{"embeddable":true,"href":"https:\/\/diariodominicano.com\/index.php?rest_route=\/wp\/v2\/media\/676193"}],"wp:attachment":[{"href":"https:\/\/diariodominicano.com\/index.php?rest_route=%2Fwp%2Fv2%2Fmedia&parent=676192"}],"wp:term":[{"taxonomy":"category","embeddable":true,"href":"https:\/\/diariodominicano.com\/index.php?rest_route=%2Fwp%2Fv2%2Fcategories&post=676192"},{"taxonomy":"post_tag","embeddable":true,"href":"https:\/\/diariodominicano.com\/index.php?rest_route=%2Fwp%2Fv2%2Ftags&post=676192"}],"curies":[{"name":"wp","href":"https:\/\/api.w.org\/{rel}","templated":true}]}}