{"id":676186,"date":"2026-04-30T14:43:04","date_gmt":"2026-04-30T18:43:04","guid":{"rendered":"https:\/\/diariodominicano.com\/?p=676186"},"modified":"2026-04-30T14:43:15","modified_gmt":"2026-04-30T18:43:15","slug":"militares-de-ecuador-incautan-cerca-de-una-tonelada-de-droga-en-zona-costera","status":"publish","type":"post","link":"https:\/\/diariodominicano.com\/?p=676186","title":{"rendered":"Militares de Ecuador incautan cerca de una tonelada de droga en zona costera"},"content":{"rendered":"\n<p>diariodominicano.com<\/p>\n\n\n\n<p>QUITO, 30 abr (Xinhua) &#8212; Las Fuerzas Armadas de Ecuador decomisaron casi una tonelada de droga en una operaci\u00f3n en el sector Jama, de la provincia occidental de Manab\u00ed, en la costa del Pac\u00edfico ecuatoriano, inform\u00f3 hoy la instituci\u00f3n. La entidad indic\u00f3 en su cuenta de la red social X que ese operativo antidrogas forma parte de las acciones permanentes orientadas a neutralizar actividades il\u00edcitas y fortalecer el control territorial en la zona. Se\u00f1al\u00f3 que, durante la intervenci\u00f3n militar, el personal desplegado logr\u00f3 ubicar varios bultos que conten\u00edan bloques de sustancias catalogadas como sujetas a fiscalizaci\u00f3n, con un peso aproximado de una tonelada. La instituci\u00f3n se\u00f1al\u00f3 que la operaci\u00f3n contin\u00faa en desarrollo, mientras unidades militares realizan rastrillajes en el \u00e1rea con el objetivo de determinar la posible existencia de m\u00e1s evidencias relacionadas con el caso. \u00abLas Fuerzas Armadas mantienen operaciones permanentes contra el narcotr\u00e1fico, fortaleciendo la seguridad y el control en el territorio nacional\u00bb, se\u00f1al\u00f3 la instituci\u00f3n, que adem\u00e1s difundi\u00f3 una fotograf\u00eda en la que se observa a personal militar custodiando la droga incautada. Ecuador ha intensificado el combate al narcotr\u00e1fico en el marco del \u00abconflicto armado interno\u00bb declarado por el Gobierno en enero de 2024 contra bandas del crimen organizadas calificadas como \u00abterroristas\u00bb. Entre el 1 de enero y el 5 de abril de 2026, las autoridades ecuatorianas han incautado un total de 22,8 toneladas de droga a escala nacional, de acuerdo con cifras oficiales.<\/p>\n","protected":false},"excerpt":{"rendered":"<p>diariodominicano.com QUITO, 30 abr (Xinhua) &#8212; Las Fuerzas Armadas de Ecuador decomisaron casi una tonelada de droga en una operaci\u00f3n en el sector Jama, de la provincia occidental de Manab\u00ed, en la costa del Pac\u00edfico ecuatoriano, inform\u00f3 hoy la instituci\u00f3n. La entidad indic\u00f3 en su cuenta de la red social X que ese operativo antidrogas [&hellip;]<\/p>\n","protected":false},"author":5,"featured_media":676187,"comment_status":"closed","ping_status":"closed","sticky":false,"template":"","format":"standard","meta":{"footnotes":""},"categories":[23,27],"tags":[],"class_list":["post-676186","post","type-post","status-publish","format-standard","has-post-thumbnail","hentry","category-internacional","category-portada"],"_links":{"self":[{"href":"https:\/\/diariodominicano.com\/index.php?rest_route=\/wp\/v2\/posts\/676186","targetHints":{"allow":["GET"]}}],"collection":[{"href":"https:\/\/diariodominicano.com\/index.php?rest_route=\/wp\/v2\/posts"}],"about":[{"href":"https:\/\/diariodominicano.com\/index.php?rest_route=\/wp\/v2\/types\/post"}],"author":[{"embeddable":true,"href":"https:\/\/diariodominicano.com\/index.php?rest_route=\/wp\/v2\/users\/5"}],"replies":[{"embeddable":true,"href":"https:\/\/diariodominicano.com\/index.php?rest_route=%2Fwp%2Fv2%2Fcomments&post=676186"}],"version-history":[{"count":1,"href":"https:\/\/diariodominicano.com\/index.php?rest_route=\/wp\/v2\/posts\/676186\/revisions"}],"predecessor-version":[{"id":676188,"href":"https:\/\/diariodominicano.com\/index.php?rest_route=\/wp\/v2\/posts\/676186\/revisions\/676188"}],"wp:featuredmedia":[{"embeddable":true,"href":"https:\/\/diariodominicano.com\/index.php?rest_route=\/wp\/v2\/media\/676187"}],"wp:attachment":[{"href":"https:\/\/diariodominicano.com\/index.php?rest_route=%2Fwp%2Fv2%2Fmedia&parent=676186"}],"wp:term":[{"taxonomy":"category","embeddable":true,"href":"https:\/\/diariodominicano.com\/index.php?rest_route=%2Fwp%2Fv2%2Fcategories&post=676186"},{"taxonomy":"post_tag","embeddable":true,"href":"https:\/\/diariodominicano.com\/index.php?rest_route=%2Fwp%2Fv2%2Ftags&post=676186"}],"curies":[{"name":"wp","href":"https:\/\/api.w.org\/{rel}","templated":true}]}}