{"id":676180,"date":"2026-04-30T14:13:02","date_gmt":"2026-04-30T18:13:02","guid":{"rendered":"https:\/\/diariodominicano.com\/?p=676180"},"modified":"2026-04-30T14:13:13","modified_gmt":"2026-04-30T18:13:13","slug":"espana-convoca-a-encargada-de-negocios-de-israel-y-condena-detencion-de-flotilla-rumbo-a-gaza","status":"publish","type":"post","link":"https:\/\/diariodominicano.com\/?p=676180","title":{"rendered":"Espa\u00f1a convoca a encargada de negocios de Israel y condena detenci\u00f3n de flotilla rumbo a Gaza"},"content":{"rendered":"\n<p>diariodominicano.com<\/p>\n\n\n\n<p>MADRID, 30 abr (Xinhua) &#8212; El Ministerio de Asuntos Exteriores de Espa\u00f1a convoc\u00f3 de manera urgente a la encargada de negocios de la Embajada de Israel en Madrid, para trasladarle la \u00abm\u00e1s en\u00e9rgica condena\u00bb por la detenci\u00f3n de miembros de la Flotilla Global Sumud, un convoy humanitario con destino a la Franja de Gaza, inform\u00f3 hoy jueves la prensa local. Seg\u00fan fuentes del ministerio que dirige Jos\u00e9 Manuel Albares, la embajada y el consulado de Espa\u00f1a en Israel, as\u00ed como la Unidad de Emergencia Consular, est\u00e1n plenamente operativos y en contacto con los organizadores de la flotilla, con el fin de seguir de cerca la evoluci\u00f3n de la situaci\u00f3n. Israel intercept\u00f3 la flotilla la v\u00edspera cerca de las costas de Grecia y detuvo a 175 activistas de distintas nacionalidades, entre ellos alrededor de una treintena de ciudadanos espa\u00f1oles. Seg\u00fan las fuentes de la canciller\u00eda espa\u00f1ola, Albares est\u00e1 en contacto con sus hom\u00f3logos de los pa\u00edses cuyos nacionales se encontraban a bordo, con el objetivo de coordinar la respuesta diplom\u00e1tica. La flotilla, compuesta por 58 embarcaciones, parti\u00f3 de Barcelona el pasado 15 de abril con la intenci\u00f3n de llegar a Gaza y entregar ayuda humanitaria a la poblaci\u00f3n local.<\/p>\n","protected":false},"excerpt":{"rendered":"<p>diariodominicano.com MADRID, 30 abr (Xinhua) &#8212; El Ministerio de Asuntos Exteriores de Espa\u00f1a convoc\u00f3 de manera urgente a la encargada de negocios de la Embajada de Israel en Madrid, para trasladarle la \u00abm\u00e1s en\u00e9rgica condena\u00bb por la detenci\u00f3n de miembros de la Flotilla Global Sumud, un convoy humanitario con destino a la Franja de Gaza, [&hellip;]<\/p>\n","protected":false},"author":5,"featured_media":676181,"comment_status":"closed","ping_status":"closed","sticky":false,"template":"","format":"standard","meta":{"footnotes":""},"categories":[23,27],"tags":[],"class_list":["post-676180","post","type-post","status-publish","format-standard","has-post-thumbnail","hentry","category-internacional","category-portada"],"_links":{"self":[{"href":"https:\/\/diariodominicano.com\/index.php?rest_route=\/wp\/v2\/posts\/676180","targetHints":{"allow":["GET"]}}],"collection":[{"href":"https:\/\/diariodominicano.com\/index.php?rest_route=\/wp\/v2\/posts"}],"about":[{"href":"https:\/\/diariodominicano.com\/index.php?rest_route=\/wp\/v2\/types\/post"}],"author":[{"embeddable":true,"href":"https:\/\/diariodominicano.com\/index.php?rest_route=\/wp\/v2\/users\/5"}],"replies":[{"embeddable":true,"href":"https:\/\/diariodominicano.com\/index.php?rest_route=%2Fwp%2Fv2%2Fcomments&post=676180"}],"version-history":[{"count":1,"href":"https:\/\/diariodominicano.com\/index.php?rest_route=\/wp\/v2\/posts\/676180\/revisions"}],"predecessor-version":[{"id":676182,"href":"https:\/\/diariodominicano.com\/index.php?rest_route=\/wp\/v2\/posts\/676180\/revisions\/676182"}],"wp:featuredmedia":[{"embeddable":true,"href":"https:\/\/diariodominicano.com\/index.php?rest_route=\/wp\/v2\/media\/676181"}],"wp:attachment":[{"href":"https:\/\/diariodominicano.com\/index.php?rest_route=%2Fwp%2Fv2%2Fmedia&parent=676180"}],"wp:term":[{"taxonomy":"category","embeddable":true,"href":"https:\/\/diariodominicano.com\/index.php?rest_route=%2Fwp%2Fv2%2Fcategories&post=676180"},{"taxonomy":"post_tag","embeddable":true,"href":"https:\/\/diariodominicano.com\/index.php?rest_route=%2Fwp%2Fv2%2Ftags&post=676180"}],"curies":[{"name":"wp","href":"https:\/\/api.w.org\/{rel}","templated":true}]}}