{"id":676177,"date":"2026-04-30T13:34:11","date_gmt":"2026-04-30T17:34:11","guid":{"rendered":"https:\/\/diariodominicano.com\/?p=676177"},"modified":"2026-04-30T13:34:22","modified_gmt":"2026-04-30T17:34:22","slug":"el-consejo-nacional-de-educacion-superior-ciencia-y-tecnologia-aprueba-reforma-educativa-y-nuevas-ofertas-academicas","status":"publish","type":"post","link":"https:\/\/diariodominicano.com\/?p=676177","title":{"rendered":"El Consejo Nacional de Educaci\u00f3n Superior, Ciencia y Tecnolog\u00eda aprueba reforma educativa y nuevas ofertas acad\u00e9micas"},"content":{"rendered":"\n<h3 class=\"wp-block-heading\">La iniciativa fue validada por unanimidad durante su primera sesi\u00f3n ordinaria del 28 de abril de 2026, encabezada por el ministro Rafael Santos Bad\u00eda.<\/h3>\n\n\n\n<p>30 de Abril 2026 | 11:27<\/p>\n\n\n\n<figure class=\"wp-block-image\"><img decoding=\"async\" src=\"https:\/\/platform-cdn.sharethis.com\/img\/facebook.svg\" alt=\"facebook sharing button\"\/><\/figure>\n\n\n\n<figure class=\"wp-block-image\"><img decoding=\"async\" src=\"https:\/\/platform-cdn.sharethis.com\/img\/sharethis.svg\" alt=\"sharethis sharing button\"\/><\/figure>\n\n\n\n<p>Santo Domingo, RD.\u2013 El Consejo Nacional de Educaci\u00f3n Superior, Ciencia y Tecnolog\u00eda\u00a0<strong>(Conescyt)<\/strong>\u00a0aprob\u00f3 por\u00a0<strong>consenso y<\/strong>\u00a0<strong>unanimidad<\/strong>\u00a0los trabajos correspondientes a la\u00a0<strong>reforma educativa impulsada por el Gobierno dominicano<\/strong>. La aprobaci\u00f3n tuvo lugar durante su\u00a0<strong>primera sesi\u00f3n ordinaria<\/strong>\u00a0celebrada el 28 de abril de 2026, la cual fue presidida por el ministro de Educaci\u00f3n Superior, Ciencia y Tecnolog\u00eda,\u00a0<strong>Rafael Santos Bad\u00eda.<\/strong><\/p>\n\n\n\n<p>Esta decisi\u00f3n constituye un&nbsp;<strong>paso estrat\u00e9gico<\/strong>&nbsp;para la transformaci\u00f3n del sistema de&nbsp;<strong>educaci\u00f3n superior nacional<\/strong>, alineado con la necesidad de responder de manera efectiva a los&nbsp;<strong>desaf\u00edos del contexto global,<\/strong>&nbsp;caracterizado por profundos&nbsp;<strong>cambios geopol\u00edticos<\/strong>, acelerados&nbsp;<strong>avances tecnol\u00f3gicos<\/strong>&nbsp;y nuevas&nbsp;<strong>din\u00e1micas econ\u00f3micas.<\/strong><\/p>\n\n\n\n<p>En el marco de esta sesi\u00f3n, el Conescyt tambi\u00e9n aprob\u00f3 la incorporaci\u00f3n de&nbsp;<strong>nuevas ofertas acad\u00e9micas<\/strong>, incluyendo programas t\u00e9cnicos superiores, licenciaturas y maestr\u00edas. Entre las propuestas aprobadas se destacan el&nbsp;<strong>t\u00e9cnico superior en Animaci\u00f3n Digital<\/strong>, del Instituto Tecnol\u00f3gico de las Am\u00e9ricas&nbsp;<strong>(ITLA)<\/strong>, y el&nbsp;<strong>t\u00e9cnico superior en Agrimensura<\/strong>, de la Universidad Agroforestal Fernando Arturo de Meri\u00f1o&nbsp;<strong>(Uafam)<\/strong>. Asimismo, fueron autorizados programas acad\u00e9micos en&nbsp;<strong>Dise\u00f1o de Moda y Dise\u00f1o de Interiores<\/strong>, este \u00faltimo impulsado por el Instituto T\u00e9cnico Superior Mercy Jacquez&nbsp;<strong>(ITESUMJ)<\/strong>.<\/p>\n\n\n\n<p>Durante su intervenci\u00f3n, el ministro Rafael Santos Bad\u00eda resalt\u00f3 la importancia de avanzar hacia la&nbsp;<strong>construcci\u00f3n de un modelo educativo propio<\/strong>, contextualizado a las&nbsp;<strong>realidades y necesidades del pa\u00eds<\/strong>, que fortalezca la generaci\u00f3n, el uso y la difusi\u00f3n del conocimiento.<\/p>\n\n\n\n<p><em>\u201cNosotros necesitamos construir un sistema educativo que ense\u00f1e conocimiento, que ense\u00f1e a la gente a utilizar el conocimiento y que ense\u00f1e a difundirlo\u201d,<\/em>&nbsp;expres\u00f3.<\/p>\n\n\n\n<p>En ese sentido, se\u00f1al\u00f3 que el sistema educativo nacional debe&nbsp;<strong>responder de manera proactiva<\/strong>&nbsp;a las&nbsp;<strong>transformaciones<\/strong>&nbsp;que se producen en el&nbsp;<strong>\u00e1mbito internacional<\/strong>, promoviendo una formaci\u00f3n pertinente que garantice la&nbsp;<strong>preparaci\u00f3n integral del capital humano dominicano.<\/strong><\/p>\n\n\n\n<p>Asimismo, destac\u00f3 la necesidad de una educaci\u00f3n orientada a&nbsp;<strong>la empleabilidad, la innovaci\u00f3n y el desarrollo de competencias relevantes<\/strong>, a fin de asegurar que los egresados del sistema de educaci\u00f3n superior cuenten con las capacidades necesarias para su&nbsp;<strong>inserci\u00f3n efectiva en el mercado laboral actual y futuro.<\/strong><\/p>\n\n\n\n<p>El ministro subray\u00f3 que la reforma educativa aprobada tiene como ejes fundamentales el&nbsp;<strong>fortalecimiento de la investigaci\u00f3n, la ciencia y la tecnolog\u00eda<\/strong>, as\u00ed como la consolidaci\u00f3n de un sistema de educaci\u00f3n superior m\u00e1s articulado, eficiente y orientado al&nbsp;<strong>desarrollo sostenible<\/strong>&nbsp;de Rep\u00fablica Dominicana.<\/p>\n\n\n\n<p><strong>La sesi\u00f3n del Conescyt cont\u00f3 con la participaci\u00f3n de sus miembros<\/strong>, presididos por el ministro Santos Bad\u00eda, e integrados por el padre Isaac Garc\u00eda, Wendy Ram\u00edrez, Jos\u00e9 Ram\u00f3n Holgu\u00edn, el reverendo Secilio Espinal, Jos\u00e9 Leandro Aybar, Jos\u00e9 Hazim, Radham\u00e9s Silverio, V\u00e1zquez Espinoza, Yahaira Rosa, Yolanda Salazar, C\u00e9sar Guzm\u00e1n, Minerva Emilia Pereira, Osmar Olivo, Edison Franco, Israel Contreras, Modesto Cruz, Eladio Arnaud, Odalis Guillermo, Radham\u00e9s Mej\u00eda, Ram\u00f3n S\u00e1nchez, Francisco Viloria, Carmen Molina, Paula Disla, Otto Vargas, Genaro Rodr\u00edguez, Carmen Evaristo y Oscar Amarg\u00f3s.<\/p>\n\n\n\n<p>La aprobaci\u00f3n de la reforma educativa y de la nueva oferta acad\u00e9mica se realiz\u00f3 conforme a los&nbsp;<strong>principios y mecanismos democr\u00e1ticos establecidos en el seno del Consejo,<\/strong>&nbsp;consolidando un proceso orientado a sentar las bases de una&nbsp;<strong>transformaci\u00f3n estructural y sostenible del sistema de educaci\u00f3n superior dominicano.<\/strong><\/p>\n\n\n\n<p>Con informaci\u00f3n de la Presidencia de la Rep\u00fablica.<\/p>\n","protected":false},"excerpt":{"rendered":"<p>La iniciativa fue validada por unanimidad durante su primera sesi\u00f3n ordinaria del 28 de abril de 2026, encabezada por el ministro Rafael Santos Bad\u00eda. 30 de Abril 2026 | 11:27 Santo Domingo, RD.\u2013 El Consejo Nacional de Educaci\u00f3n Superior, Ciencia y Tecnolog\u00eda\u00a0(Conescyt)\u00a0aprob\u00f3 por\u00a0consenso y\u00a0unanimidad\u00a0los trabajos correspondientes a la\u00a0reforma educativa impulsada por el Gobierno dominicano. La [&hellip;]<\/p>\n","protected":false},"author":2,"featured_media":676178,"comment_status":"open","ping_status":"closed","sticky":false,"template":"","format":"standard","meta":{"footnotes":""},"categories":[36,20,27],"tags":[5770,1071,5771],"class_list":["post-676177","post","type-post","status-publish","format-standard","has-post-thumbnail","hentry","category-hombresmujeresycosas","category-dominicana-hoy","category-portada","tag-ciencia-y-tecnologia","tag-consejo-nacional-de-educacion-superior","tag-rafael-santos-badia"],"_links":{"self":[{"href":"https:\/\/diariodominicano.com\/index.php?rest_route=\/wp\/v2\/posts\/676177","targetHints":{"allow":["GET"]}}],"collection":[{"href":"https:\/\/diariodominicano.com\/index.php?rest_route=\/wp\/v2\/posts"}],"about":[{"href":"https:\/\/diariodominicano.com\/index.php?rest_route=\/wp\/v2\/types\/post"}],"author":[{"embeddable":true,"href":"https:\/\/diariodominicano.com\/index.php?rest_route=\/wp\/v2\/users\/2"}],"replies":[{"embeddable":true,"href":"https:\/\/diariodominicano.com\/index.php?rest_route=%2Fwp%2Fv2%2Fcomments&post=676177"}],"version-history":[{"count":1,"href":"https:\/\/diariodominicano.com\/index.php?rest_route=\/wp\/v2\/posts\/676177\/revisions"}],"predecessor-version":[{"id":676179,"href":"https:\/\/diariodominicano.com\/index.php?rest_route=\/wp\/v2\/posts\/676177\/revisions\/676179"}],"wp:featuredmedia":[{"embeddable":true,"href":"https:\/\/diariodominicano.com\/index.php?rest_route=\/wp\/v2\/media\/676178"}],"wp:attachment":[{"href":"https:\/\/diariodominicano.com\/index.php?rest_route=%2Fwp%2Fv2%2Fmedia&parent=676177"}],"wp:term":[{"taxonomy":"category","embeddable":true,"href":"https:\/\/diariodominicano.com\/index.php?rest_route=%2Fwp%2Fv2%2Fcategories&post=676177"},{"taxonomy":"post_tag","embeddable":true,"href":"https:\/\/diariodominicano.com\/index.php?rest_route=%2Fwp%2Fv2%2Ftags&post=676177"}],"curies":[{"name":"wp","href":"https:\/\/api.w.org\/{rel}","templated":true}]}}