{"id":676165,"date":"2026-04-30T13:05:01","date_gmt":"2026-04-30T17:05:01","guid":{"rendered":"https:\/\/diariodominicano.com\/?p=676165"},"modified":"2026-04-30T13:05:07","modified_gmt":"2026-04-30T17:05:07","slug":"xi-extiende-saludos-a-trabajadores-de-todo-el-pais-en-vispera-del-dia-internacional-de-los-trabajadores","status":"publish","type":"post","link":"https:\/\/diariodominicano.com\/?p=676165","title":{"rendered":"Xi extiende saludos a trabajadores de todo el pa\u00eds en v\u00edspera del D\u00eda Internacional de los Trabajadores"},"content":{"rendered":"\n<p><em>spanish.news.cn<\/em>|<em>&nbsp;2026-04-30 20:22:45<\/em>|<\/p>\n\n\n\n<p>BEIJING, 30 abr (Xinhua) &#8212; El presidente chino, Xi Jinping, ha transmitido sus saludos de celebraci\u00f3n y sus mejores deseos a los trabajadores del pa\u00eds en la v\u00edspera del D\u00eda Internacional de los Trabajadores, que se celebra el 1 de mayo.<\/p>\n\n\n\n<p>Xi, tambi\u00e9n secretario general del Comit\u00e9 Central del Partido Comunista de China (PCCh) y presidente de la Comisi\u00f3n Militar Central, envi\u00f3 los saludos en nombre del Comit\u00e9 Central del PCCh.<\/p>\n\n\n\n<p>Este a\u00f1o se conmemora el 105\u00ba aniversario de la fundaci\u00f3n del PCCh y es el primer a\u00f1o del per\u00edodo del XV Plan Quinquenal (2026-2030) del pa\u00eds.<\/p>\n\n\n\n<p>Xi hizo un llamado a los trabajadores de todo el pa\u00eds a esforzarse arduamente, obtener resultados s\u00f3lidos y desempe\u00f1ar un rol protag\u00f3nico en la promoci\u00f3n del desarrollo econ\u00f3mico y social de alta calidad.<\/p>\n\n\n\n<p>Los comit\u00e9s del Partido y los Gobiernos a todos los niveles deben salvaguardar los derechos e intereses leg\u00edtimos de los trabajadores, atender sus preocupaciones m\u00e1s apremiantes y alentarlos a esforzarse incansablemente por los grandes objetivos del pa\u00eds, subray\u00f3 Xi.&nbsp;<\/p>\n","protected":false},"excerpt":{"rendered":"<p>spanish.news.cn|&nbsp;2026-04-30 20:22:45| BEIJING, 30 abr (Xinhua) &#8212; El presidente chino, Xi Jinping, ha transmitido sus saludos de celebraci\u00f3n y sus mejores deseos a los trabajadores del pa\u00eds en la v\u00edspera del D\u00eda Internacional de los Trabajadores, que se celebra el 1 de mayo. Xi, tambi\u00e9n secretario general del Comit\u00e9 Central del Partido Comunista de China [&hellip;]<\/p>\n","protected":false},"author":2,"featured_media":639926,"comment_status":"open","ping_status":"closed","sticky":false,"template":"","format":"standard","meta":{"footnotes":""},"categories":[23],"tags":[4492],"class_list":["post-676165","post","type-post","status-publish","format-standard","has-post-thumbnail","hentry","category-internacional","tag-xi"],"_links":{"self":[{"href":"https:\/\/diariodominicano.com\/index.php?rest_route=\/wp\/v2\/posts\/676165","targetHints":{"allow":["GET"]}}],"collection":[{"href":"https:\/\/diariodominicano.com\/index.php?rest_route=\/wp\/v2\/posts"}],"about":[{"href":"https:\/\/diariodominicano.com\/index.php?rest_route=\/wp\/v2\/types\/post"}],"author":[{"embeddable":true,"href":"https:\/\/diariodominicano.com\/index.php?rest_route=\/wp\/v2\/users\/2"}],"replies":[{"embeddable":true,"href":"https:\/\/diariodominicano.com\/index.php?rest_route=%2Fwp%2Fv2%2Fcomments&post=676165"}],"version-history":[{"count":1,"href":"https:\/\/diariodominicano.com\/index.php?rest_route=\/wp\/v2\/posts\/676165\/revisions"}],"predecessor-version":[{"id":676166,"href":"https:\/\/diariodominicano.com\/index.php?rest_route=\/wp\/v2\/posts\/676165\/revisions\/676166"}],"wp:featuredmedia":[{"embeddable":true,"href":"https:\/\/diariodominicano.com\/index.php?rest_route=\/wp\/v2\/media\/639926"}],"wp:attachment":[{"href":"https:\/\/diariodominicano.com\/index.php?rest_route=%2Fwp%2Fv2%2Fmedia&parent=676165"}],"wp:term":[{"taxonomy":"category","embeddable":true,"href":"https:\/\/diariodominicano.com\/index.php?rest_route=%2Fwp%2Fv2%2Fcategories&post=676165"},{"taxonomy":"post_tag","embeddable":true,"href":"https:\/\/diariodominicano.com\/index.php?rest_route=%2Fwp%2Fv2%2Ftags&post=676165"}],"curies":[{"name":"wp","href":"https:\/\/api.w.org\/{rel}","templated":true}]}}