{"id":676162,"date":"2026-04-30T12:59:52","date_gmt":"2026-04-30T16:59:52","guid":{"rendered":"https:\/\/diariodominicano.com\/?p=676162"},"modified":"2026-04-30T12:59:59","modified_gmt":"2026-04-30T16:59:59","slug":"vicepresidenta-de-colombia-reitero-rechazo-a-escalada-violenta","status":"publish","type":"post","link":"https:\/\/diariodominicano.com\/?p=676162","title":{"rendered":"Vicepresidenta de Colombia reiter\u00f3 rechazo a escalada violenta"},"content":{"rendered":"\n<p>Bogot\u00e1, 30 abr (Prensa Latina) La vicepresidenta Francia M\u00e1rquez reiter\u00f3 hoy su solidaridad con los afectados por la violencia que sacude al suroeste de Colombia donde ya se registran m\u00e1s de 20 muertos, decenas de heridos y cuantiosos da\u00f1os materiales.<\/p>\n\n\n\n<ul class=\"wp-block-list\">\n<li><a href=\"https:\/\/www.prensa-latina.cu\/2026\/04\/30\/\"><time>abril 30, 2026 | 11:40<\/time><\/a><\/li>\n<\/ul>\n\n\n\n<ul class=\"wp-block-list\">\n<li><a href=\"https:\/\/www.prensa-latina.cu\/2026\/04\/30\/vicepresidenta-de-colombia-reitero-rechazo-a-escalada-violenta\/#\"><\/a><\/li>\n\n\n\n<li><a href=\"https:\/\/www.prensa-latina.cu\/2026\/04\/30\/vicepresidenta-de-colombia-reitero-rechazo-a-escalada-violenta\/#\"><\/a><\/li>\n\n\n\n<li><a href=\"https:\/\/www.prensa-latina.cu\/2026\/04\/30\/vicepresidenta-de-colombia-reitero-rechazo-a-escalada-violenta\/#\"><\/a><\/li>\n\n\n\n<li><a href=\"https:\/\/www.prensa-latina.cu\/2026\/04\/30\/vicepresidenta-de-colombia-reitero-rechazo-a-escalada-violenta\/#\"><\/a><\/li>\n<\/ul>\n\n\n\n<p>\u201cLevanto nuevamente la voz para exigir respeto por la vida y expreso mi solidaridad con las v\u00edctimas de esta violencia absurda. He estado estos \u00faltimos d\u00edas en di\u00e1logo con el Ministerio de Defensa y le he reiterado la necesidad de hacer todos los esfuerzos para recuperar el orden p\u00fablico, la seguridad y la paz en el Cauca, Nari\u00f1o y Valle del Cauca\u201d, escribi\u00f3 en su cuenta de la red social X.<\/p>\n\n\n\n<p>Calific\u00f3 adem\u00e1s como \u201clamentable\u201d que en tiempos electorales se pretenda infligir miedo en la poblaci\u00f3n.<\/p>\n\n\n\n<p>La vicemandataria remarc\u00f3 que el pa\u00eds seguir\u00e1 apostando a la paz y al respeto por la vida como un valor supremo de la naci\u00f3n.<\/p>\n\n\n\n<p>\u201cMe niego a pensar que la \u00fanica herencia que le dejamos a nuestros hijos y nietos sea un pa\u00eds lleno de violencia\u201d, enfatiz\u00f3.<\/p>\n\n\n\n<p>Hace ya siete d\u00edas que el suroeste de Colombia est\u00e1 azotado por la detonaci\u00f3n de explosivos, hostigamientos contra las fuerzas del orden, actos vand\u00e1licos y destrucci\u00f3n de infraestructura. Durante la v\u00edspera las Fuerzas Militares confirmaron la recuperaci\u00f3n de cinco personas que hab\u00edan sido reportadas como desaparecidas tras un atentado terrorista en la vereda La Paila, en el departamento de Cauca.<\/p>\n\n\n\n<p>Al parecer, unos individuos interceptaron un veh\u00edculo en el cual se transportaban trabajadores de un ingenio y abrieron fuego en contra de los pasajeros.<\/p>\n\n\n\n<p>Durante el ataque una persona perdi\u00f3 la vida y otra que result\u00f3 herida fue trasladada a un centro m\u00e9dico.<\/p>\n\n\n\n<p>Ante la escalada de violencia, las fuerzas militares comenzaron un despliegue de capacidades que incluye vigilancia a\u00e9rea y otros controles en los puntos lim\u00edtrofes entre Cauca y Valle del Cauca.<\/p>\n\n\n\n<p>El componente principal de la operaci\u00f3n est\u00e1 a cargo del Ej\u00e9rcito Nacional de Colombia, que moviliz\u00f3 un pelot\u00f3n blindado compuesto por ocho veh\u00edculos t\u00e1cticos ASV M1117 para patrullar de manera permanente v\u00edas primarias y secundarias del sur de los referidos municipios.<\/p>\n\n\n\n<p>Tambi\u00e9n se instalaron puestos de control mixtos con la Polic\u00eda Nacional, los cuales reciben apoyo de binomios caninos especializados en detecci\u00f3n de explosivos, debido al riesgo latente de la posibilidad de nuevas acciones violentas sobre corredores estrat\u00e9gicos.<\/p>\n\n\n\n<p>La Fuerza Aeroespacial, por su parte, dispuso aeronaves no tripuladas para sobrevuelos de vigilancia y una ambulancia a\u00e9rea para eventuales evacuaciones y traslados aerom\u00e9dicos.<\/p>\n\n\n\n<p>ro\/ifs<\/p>\n\n\n\n<ul class=\"wp-block-list\">\n<li>#<a href=\"https:\/\/www.prensa-latina.cu\/etiqueta\/cauca\/\">cauca<\/a>\u00a0#<a href=\"https:\/\/www.prensa-latina.cu\/etiqueta\/colombia\/\">colombia<\/a>\u00a0#<a href=\"https:\/\/www.prensa-latina.cu\/etiqueta\/rechazo\/\">rechazo<\/a>\u00a0#<a href=\"https:\/\/www.prensa-latina.cu\/etiqueta\/solidaridad\/\">solidaridad<\/a>\u00a0#<a href=\"https:\/\/www.prensa-latina.cu\/etiqueta\/vicepresidenta\/\">Vicepresidenta<\/a>\u00a0#<a href=\"https:\/\/www.prensa-latina.cu\/etiqueta\/violencia\/\">violencia<\/a><\/li>\n<\/ul>\n","protected":false},"excerpt":{"rendered":"<p>Bogot\u00e1, 30 abr (Prensa Latina) La vicepresidenta Francia M\u00e1rquez reiter\u00f3 hoy su solidaridad con los afectados por la violencia que sacude al suroeste de Colombia donde ya se registran m\u00e1s de 20 muertos, decenas de heridos y cuantiosos da\u00f1os materiales. \u201cLevanto nuevamente la voz para exigir respeto por la vida y expreso mi solidaridad con [&hellip;]<\/p>\n","protected":false},"author":2,"featured_media":676163,"comment_status":"open","ping_status":"closed","sticky":false,"template":"","format":"standard","meta":{"footnotes":""},"categories":[36,23],"tags":[310,5766],"class_list":["post-676162","post","type-post","status-publish","format-standard","has-post-thumbnail","hentry","category-hombresmujeresycosas","category-internacional","tag-colombia","tag-francia-marquez"],"_links":{"self":[{"href":"https:\/\/diariodominicano.com\/index.php?rest_route=\/wp\/v2\/posts\/676162","targetHints":{"allow":["GET"]}}],"collection":[{"href":"https:\/\/diariodominicano.com\/index.php?rest_route=\/wp\/v2\/posts"}],"about":[{"href":"https:\/\/diariodominicano.com\/index.php?rest_route=\/wp\/v2\/types\/post"}],"author":[{"embeddable":true,"href":"https:\/\/diariodominicano.com\/index.php?rest_route=\/wp\/v2\/users\/2"}],"replies":[{"embeddable":true,"href":"https:\/\/diariodominicano.com\/index.php?rest_route=%2Fwp%2Fv2%2Fcomments&post=676162"}],"version-history":[{"count":1,"href":"https:\/\/diariodominicano.com\/index.php?rest_route=\/wp\/v2\/posts\/676162\/revisions"}],"predecessor-version":[{"id":676164,"href":"https:\/\/diariodominicano.com\/index.php?rest_route=\/wp\/v2\/posts\/676162\/revisions\/676164"}],"wp:featuredmedia":[{"embeddable":true,"href":"https:\/\/diariodominicano.com\/index.php?rest_route=\/wp\/v2\/media\/676163"}],"wp:attachment":[{"href":"https:\/\/diariodominicano.com\/index.php?rest_route=%2Fwp%2Fv2%2Fmedia&parent=676162"}],"wp:term":[{"taxonomy":"category","embeddable":true,"href":"https:\/\/diariodominicano.com\/index.php?rest_route=%2Fwp%2Fv2%2Fcategories&post=676162"},{"taxonomy":"post_tag","embeddable":true,"href":"https:\/\/diariodominicano.com\/index.php?rest_route=%2Fwp%2Fv2%2Ftags&post=676162"}],"curies":[{"name":"wp","href":"https:\/\/api.w.org\/{rel}","templated":true}]}}