{"id":676156,"date":"2026-04-30T12:54:02","date_gmt":"2026-04-30T16:54:02","guid":{"rendered":"https:\/\/diariodominicano.com\/?p=676156"},"modified":"2026-04-30T12:54:09","modified_gmt":"2026-04-30T16:54:09","slug":"mas-de-mil-400-condenados-en-brasil-por-actos-golpistas-de-2023","status":"publish","type":"post","link":"https:\/\/diariodominicano.com\/?p=676156","title":{"rendered":"M\u00e1s de mil 400 condenados en Brasil por actos golpistas de 2023"},"content":{"rendered":"\n<p>Brasilia, 30 abr (Prensa Latina) El Supremo Tribunal Federal (STF) de Brasil alcanz\u00f3 la cifra de mil 402 personas condenadas por los actos golpistas del 8 de enero de 2023, seg\u00fan datos reflejados hoy por la Agencia Brasil.<\/p>\n\n\n\n<ul class=\"wp-block-list\">\n<li><a href=\"https:\/\/www.prensa-latina.cu\/2026\/04\/30\/\"><time>abril 30, 2026 | 08:46<\/time><\/a><\/li>\n<\/ul>\n\n\n\n<ul class=\"wp-block-list\">\n<li><a href=\"https:\/\/www.prensa-latina.cu\/2026\/04\/30\/mas-de-mil-400-condenados-en-brasil-por-actos-golpistas-de-2023\/#\"><\/a><\/li>\n\n\n\n<li><a href=\"https:\/\/www.prensa-latina.cu\/2026\/04\/30\/mas-de-mil-400-condenados-en-brasil-por-actos-golpistas-de-2023\/#\"><\/a><\/li>\n\n\n\n<li><a href=\"https:\/\/www.prensa-latina.cu\/2026\/04\/30\/mas-de-mil-400-condenados-en-brasil-por-actos-golpistas-de-2023\/#\"><\/a><\/li>\n\n\n\n<li><a href=\"https:\/\/www.prensa-latina.cu\/2026\/04\/30\/mas-de-mil-400-condenados-en-brasil-por-actos-golpistas-de-2023\/#\"><\/a><\/li>\n<\/ul>\n\n\n\n<p>El medio difunde un balance ofrecido por el gabinete del magistrado Alexandre de Moraes, relator de caso, el cual indica que las sanciones sobre esos hechos se distribuyen en 431 condenas a prisi\u00f3n, 419 penas alternativas y 552 acuerdos de no persecuci\u00f3n penal.<\/p>\n\n\n\n<p>De acuerdo con el reporte, el mayor grupo de condenados est\u00e1 compuesto por 404 personas que recibieron penas de un a\u00f1o de prisi\u00f3n, equivalente al 28,82 por ciento del total.<\/p>\n\n\n\n<p>En segundo lugar, 213 acusados fueron sentenciados a 14 a\u00f1os, lo que representa el 15,19 por ciento de las condenas.<\/p>\n\n\n\n<p>La informaci\u00f3n tambi\u00e9n indica que 190 acusados permanecen detenidos, de los cuales 169 cumplen penas definitivas y 21 se encuentran en prisi\u00f3n preventiva, mientras contin\u00faan los procesos judiciales derivados de los hechos.<\/p>\n\n\n\n<p>Entre todos, la pena m\u00e1s alta fue aplicada al expresidente Jair Bolsonaro, condenado a 27 a\u00f1os y tres meses de prisi\u00f3n en el marco de la investigaci\u00f3n sobre la tentativa de golpe.<\/p>\n\n\n\n<p>Durante el a\u00f1o pasado, la Primera Sala del STF realiz\u00f3 21 sesiones para juzgar los denominados n\u00facleos crucial, estrat\u00e9gico, ejecutor y de desinformaci\u00f3n, integrados por personas vinculadas al exmandatario, en procesos que concluyeron con 29 condenas y dos absoluciones.<\/p>\n\n\n\n<p>El pasado 24 de abril, De Moraes dio por concluida la ejecuci\u00f3n definitiva de las penas relacionadas con la trama golpista, tras ordenar el cumplimiento de las condenas de los cinco integrantes del N\u00facleo dos, el \u00faltimo grupo pendiente.<\/p>\n\n\n\n<p>Los hechos del 8 de enero de 2023 constituyeron uno de los episodios m\u00e1s graves contra la institucionalidad brasile\u00f1a, cuando grupos de manifestantes invadieron y causaron da\u00f1os en el Congreso Nacional, el Palacio del Planalto (sede del Ejecutivo) y el propio STF, record\u00f3 la Agencia Brasil.<\/p>\n\n\n\n<p>Motivados por el rechazo a los resultados de las elecciones presidenciales de 2022, los implicados atentaron contra el patrimonio p\u00fablico y el orden democr\u00e1tico, en una acci\u00f3n que busc\u00f3 instigar un golpe de Estado, agreg\u00f3 el medio.<\/p>\n\n\n\n<p>Los datos sobre la cantidad de condenados por esos eventos se difunden cuando este jueves el Congreso Nacional debe decidir si mantiene o rechaza el veto del presidente Luiz In\u00e1cio Lula da Silva a un proyecto de ley que modifica penas y podr\u00eda beneficiar a los sentenciados por la trama golpista.<\/p>\n\n\n\n<p>La votaci\u00f3n, prevista en sesi\u00f3n conjunta de la C\u00e1mara de Diputados y Senado, definir\u00e1 el futuro del llamado proyecto de la Ley de Dosimetr\u00eda, aprobado por el Legislativo en diciembre de 2025 y vetado \u00edntegramente por el mandatario el pasado 8 de enero, en el tercer aniversario de los ataques a las sedes de los Tres Poderes.<\/p>\n\n\n\n<p>mem\/mar<\/p>\n\n\n\n<ul class=\"wp-block-list\">\n<li>#<a href=\"https:\/\/www.prensa-latina.cu\/etiqueta\/bolsonaro\/\">bolsonaro<\/a>\u00a0#<a href=\"https:\/\/www.prensa-latina.cu\/etiqueta\/brasil\/\">brasil<\/a>\u00a0#<a href=\"https:\/\/www.prensa-latina.cu\/etiqueta\/condenados\/\">Condenados<\/a>\u00a0#<a href=\"https:\/\/www.prensa-latina.cu\/etiqueta\/stf\/\">stf<\/a><\/li>\n<\/ul>\n","protected":false},"excerpt":{"rendered":"<p>Brasilia, 30 abr (Prensa Latina) El Supremo Tribunal Federal (STF) de Brasil alcanz\u00f3 la cifra de mil 402 personas condenadas por los actos golpistas del 8 de enero de 2023, seg\u00fan datos reflejados hoy por la Agencia Brasil. El medio difunde un balance ofrecido por el gabinete del magistrado Alexandre de Moraes, relator de caso, [&hellip;]<\/p>\n","protected":false},"author":2,"featured_media":676158,"comment_status":"open","ping_status":"closed","sticky":false,"template":"","format":"standard","meta":{"footnotes":""},"categories":[23,24],"tags":[2998],"class_list":["post-676156","post","type-post","status-publish","format-standard","has-post-thumbnail","hentry","category-internacional","category-justicia-y-derecho","tag-brasil"],"_links":{"self":[{"href":"https:\/\/diariodominicano.com\/index.php?rest_route=\/wp\/v2\/posts\/676156","targetHints":{"allow":["GET"]}}],"collection":[{"href":"https:\/\/diariodominicano.com\/index.php?rest_route=\/wp\/v2\/posts"}],"about":[{"href":"https:\/\/diariodominicano.com\/index.php?rest_route=\/wp\/v2\/types\/post"}],"author":[{"embeddable":true,"href":"https:\/\/diariodominicano.com\/index.php?rest_route=\/wp\/v2\/users\/2"}],"replies":[{"embeddable":true,"href":"https:\/\/diariodominicano.com\/index.php?rest_route=%2Fwp%2Fv2%2Fcomments&post=676156"}],"version-history":[{"count":1,"href":"https:\/\/diariodominicano.com\/index.php?rest_route=\/wp\/v2\/posts\/676156\/revisions"}],"predecessor-version":[{"id":676159,"href":"https:\/\/diariodominicano.com\/index.php?rest_route=\/wp\/v2\/posts\/676156\/revisions\/676159"}],"wp:featuredmedia":[{"embeddable":true,"href":"https:\/\/diariodominicano.com\/index.php?rest_route=\/wp\/v2\/media\/676158"}],"wp:attachment":[{"href":"https:\/\/diariodominicano.com\/index.php?rest_route=%2Fwp%2Fv2%2Fmedia&parent=676156"}],"wp:term":[{"taxonomy":"category","embeddable":true,"href":"https:\/\/diariodominicano.com\/index.php?rest_route=%2Fwp%2Fv2%2Fcategories&post=676156"},{"taxonomy":"post_tag","embeddable":true,"href":"https:\/\/diariodominicano.com\/index.php?rest_route=%2Fwp%2Fv2%2Ftags&post=676156"}],"curies":[{"name":"wp","href":"https:\/\/api.w.org\/{rel}","templated":true}]}}