{"id":676146,"date":"2026-04-30T12:51:25","date_gmt":"2026-04-30T16:51:25","guid":{"rendered":"https:\/\/diariodominicano.com\/?p=676146"},"modified":"2026-04-30T12:51:37","modified_gmt":"2026-04-30T16:51:37","slug":"leonel-se-reune-con-dirigentes-agropecuarios-en-2028-revolucionara-metodos-de-produccion-nacional","status":"publish","type":"post","link":"https:\/\/diariodominicano.com\/?p=676146","title":{"rendered":"Leonel se re\u00fane con dirigentes agropecuarios: En 2028 revolucionar\u00e1 m\u00e9todos de producci\u00f3n nacional"},"content":{"rendered":"\n<p>Tras recibir informe del sector, Fern\u00e1ndez advierte debilidades estructurales en el campo y propone modernizar la producci\u00f3n con innovaci\u00f3n, financiamiento y asistencia t\u00e9cnica.<\/p>\n\n\n\n<p>Santo Domingo.\u2013 El presidente del partido Fuerza del Pueblo (FP) y expresidente de la Rep\u00fablica, Leonel Fern\u00e1ndez, sostuvo este mi\u00e9rcoles un encuentro con dirigentes del sector agropecuario de esa organizaci\u00f3n, en el que recibi\u00f3 un informe detallado sobre la situaci\u00f3n actual del campo dominicano y plante\u00f3 la necesidad de una transformaci\u00f3n profunda en los m\u00e9todos de producci\u00f3n nacional con miras al a\u00f1o 2028.<\/p>\n\n\n\n<figure class=\"wp-block-gallery has-nested-images columns-default is-cropped wp-block-gallery-1 is-layout-flex wp-block-gallery-is-layout-flex\">\n<figure class=\"wp-block-image size-large\"><img loading=\"lazy\" decoding=\"async\" width=\"1024\" height=\"682\" data-id=\"676155\" src=\"https:\/\/diariodominicano.com\/wp-content\/uploads\/2026\/04\/Leonel-se-reune-con-dirigentes-agropecuarios-1024x682.jpeg\" alt=\"\" class=\"wp-image-676155\" srcset=\"https:\/\/diariodominicano.com\/wp-content\/uploads\/2026\/04\/Leonel-se-reune-con-dirigentes-agropecuarios-1024x682.jpeg 1024w, https:\/\/diariodominicano.com\/wp-content\/uploads\/2026\/04\/Leonel-se-reune-con-dirigentes-agropecuarios-300x200.jpeg 300w, https:\/\/diariodominicano.com\/wp-content\/uploads\/2026\/04\/Leonel-se-reune-con-dirigentes-agropecuarios-768x512.jpeg 768w, https:\/\/diariodominicano.com\/wp-content\/uploads\/2026\/04\/Leonel-se-reune-con-dirigentes-agropecuarios-816x544.jpeg 816w, https:\/\/diariodominicano.com\/wp-content\/uploads\/2026\/04\/Leonel-se-reune-con-dirigentes-agropecuarios.jpeg 1280w\" sizes=\"auto, (max-width: 1024px) 100vw, 1024px\" \/><\/figure>\n<\/figure>\n\n\n\n<p>La reuni\u00f3n se realiz\u00f3 en la Casa del Pueblo Johnny Ventura, donde representantes de distintas provincias expusieron las principales problem\u00e1ticas que afectan al sector agropecuario, incluyendo limitaciones en asistencia t\u00e9cnica, falta de inversi\u00f3n en infraestructura rural y debilidades en los programas de apoyo estatal.<\/p>\n\n\n\n<figure class=\"wp-block-gallery has-nested-images columns-default is-cropped wp-block-gallery-2 is-layout-flex wp-block-gallery-is-layout-flex\">\n<figure class=\"wp-block-image size-large\"><img loading=\"lazy\" decoding=\"async\" width=\"1024\" height=\"682\" data-id=\"676154\" src=\"https:\/\/diariodominicano.com\/wp-content\/uploads\/2026\/04\/Leonel-se-reune-con-dirigentes-agropecuarios-En-2028-revolucionara-metodos-1024x682.jpeg\" alt=\"\" class=\"wp-image-676154\" srcset=\"https:\/\/diariodominicano.com\/wp-content\/uploads\/2026\/04\/Leonel-se-reune-con-dirigentes-agropecuarios-En-2028-revolucionara-metodos-1024x682.jpeg 1024w, https:\/\/diariodominicano.com\/wp-content\/uploads\/2026\/04\/Leonel-se-reune-con-dirigentes-agropecuarios-En-2028-revolucionara-metodos-300x200.jpeg 300w, https:\/\/diariodominicano.com\/wp-content\/uploads\/2026\/04\/Leonel-se-reune-con-dirigentes-agropecuarios-En-2028-revolucionara-metodos-768x512.jpeg 768w, https:\/\/diariodominicano.com\/wp-content\/uploads\/2026\/04\/Leonel-se-reune-con-dirigentes-agropecuarios-En-2028-revolucionara-metodos-816x544.jpeg 816w, https:\/\/diariodominicano.com\/wp-content\/uploads\/2026\/04\/Leonel-se-reune-con-dirigentes-agropecuarios-En-2028-revolucionara-metodos.jpeg 1280w\" sizes=\"auto, (max-width: 1024px) 100vw, 1024px\" \/><\/figure>\n<\/figure>\n\n\n\n<p>Durante su intervenci\u00f3n, Fern\u00e1ndez cuestion\u00f3 pr\u00e1cticas que, a su juicio, han debilitado la institucionalidad del Estado en \u00e1reas clave como la agropecuaria. \u201cCosas elementales que vemos que est\u00e1n ocurriendo por razones pol\u00edticas: cuando llega el gobierno actual, entonces cancela a gente que tiene el conocimiento, la experiencia y el compromiso. \u00bfQu\u00e9 pasa? Disminuye el papel del Estado en proveer servicios de calidad, porque los que saben, los profesionales, los que han estado ah\u00ed todo el tiempo, los tienen que sacar para darle paso a los compa\u00f1eros del partido que nada saben de eso\u201d, expres\u00f3.<\/p>\n\n\n\n<figure class=\"wp-block-gallery has-nested-images columns-default is-cropped wp-block-gallery-3 is-layout-flex wp-block-gallery-is-layout-flex\">\n<figure class=\"wp-block-image size-large\"><img loading=\"lazy\" decoding=\"async\" width=\"1024\" height=\"682\" data-id=\"676153\" src=\"https:\/\/diariodominicano.com\/wp-content\/uploads\/2026\/04\/Leonel-se-reune-con-dirigentes-agropecuarios-En-2028-1024x682.jpeg\" alt=\"\" class=\"wp-image-676153\" srcset=\"https:\/\/diariodominicano.com\/wp-content\/uploads\/2026\/04\/Leonel-se-reune-con-dirigentes-agropecuarios-En-2028-1024x682.jpeg 1024w, https:\/\/diariodominicano.com\/wp-content\/uploads\/2026\/04\/Leonel-se-reune-con-dirigentes-agropecuarios-En-2028-300x200.jpeg 300w, https:\/\/diariodominicano.com\/wp-content\/uploads\/2026\/04\/Leonel-se-reune-con-dirigentes-agropecuarios-En-2028-768x512.jpeg 768w, https:\/\/diariodominicano.com\/wp-content\/uploads\/2026\/04\/Leonel-se-reune-con-dirigentes-agropecuarios-En-2028-816x544.jpeg 816w, https:\/\/diariodominicano.com\/wp-content\/uploads\/2026\/04\/Leonel-se-reune-con-dirigentes-agropecuarios-En-2028.jpeg 1280w\" sizes=\"auto, (max-width: 1024px) 100vw, 1024px\" \/><\/figure>\n<\/figure>\n\n\n\n<p>El l\u00edder de la Fuerza del Pueblo insisti\u00f3 en que la capacidad t\u00e9cnica debe ser un criterio fundamental en la gesti\u00f3n p\u00fablica, especialmente en el sector productivo. En ese sentido, advirti\u00f3 sobre las consecuencias de debilitar los programas de extensi\u00f3n agr\u00edcola. \u201cHay que valorar la capacidad, la experiencia de nuestros profesionales en cada \u00e1mbito, y eso fundamentalmente en la parte agr\u00edcola. \u00bfC\u00f3mo poder tener un programa de extensi\u00f3n cuando no hay gente que lo lleve a cabo?\u201d, plante\u00f3.<\/p>\n\n\n\n<p>Fern\u00e1ndez afirm\u00f3 que, tras escuchar a los dirigentes y observar la realidad del interior del pa\u00eds, ha llegado a la conclusi\u00f3n de que el sector agropecuario requiere una transformaci\u00f3n estructural. \u201cYo pienso que, por lo que he escuchado de ustedes y por mis viajes por el interior, que si hay algo que merece una revoluci\u00f3n en la Rep\u00fablica Dominicana es el sector agropecuario\u201d, sostuvo.<\/p>\n\n\n\n<p>Explic\u00f3 que el crecimiento econ\u00f3mico debe sustentarse en la producci\u00f3n nacional. \u201cEl producto interno bruto se va a medir en funci\u00f3n de los bienes y servicios que se producen a nivel nacional. Lo otro se a\u00f1ade, pero lo nuestro tiene que ser eso, y resulta que es la parte m\u00e1s d\u00e9bil de la econom\u00eda dominicana. Por tanto, en la Fuerza del Pueblo entendemos la necesidad de apoyar al sector productivo, que es lo que generar\u00e1 riqueza para nuestro pa\u00eds\u201d, indic\u00f3.<\/p>\n\n\n\n<p>En ese contexto, Fern\u00e1ndez adelant\u00f3 que en la pr\u00f3xima gesti\u00f3n de gobierno bajo su liderazgo la innovaci\u00f3n ser\u00e1 el eje central. \u201cComprendemos que el signo distintivo de nuestra pr\u00f3xima gesti\u00f3n de gobierno ser\u00e1 el tema relativo a la innovaci\u00f3n. Lo que va a tener impacto, con miras hacia el futuro, es c\u00f3mo podemos innovar\u201d, afirm\u00f3.<\/p>\n\n\n\n<p>El expresidente tambi\u00e9n abord\u00f3 el problema hist\u00f3rico de los caminos vecinales, se\u00f1alando que las soluciones tradicionales han sido insuficientes. \u201cYo tengo decenas de a\u00f1os escuchando el tema de los caminos vecinales. Y arreglamos much\u00edsimos caminos vecinales y el tema no termina por desaparecer. Yo pienso que ahora tenemos que abordarlos de otra forma\u201d, expres\u00f3.<\/p>\n\n\n\n<p>A su juicio, el pa\u00eds necesita abandonar los m\u00e9todos convencionales y adoptar enfoques m\u00e1s modernos y eficientes. \u201cTenemos que presentar un programa de gobierno que no sea convencional o tradicional, sino atendiendo a las circunstancias del momento que requieren esa profunda y radical transformaci\u00f3n. No podemos seguir como vamos. Reconozco que el pa\u00eds ha avanzado, pero el m\u00e9todo que utilizamos se ha agotado y es el m\u00e9todo que tenemos que cambiar\u201d, puntualiz\u00f3.<\/p>\n\n\n\n<p>Fern\u00e1ndez vincul\u00f3 directamente la mejora de la productividad con el uso de tecnolog\u00eda y la capacitaci\u00f3n. \u201c\u00bfC\u00f3mo entonces mejoramos productividad? Eso significa aumentar el volumen de producci\u00f3n, reducci\u00f3n de costos. \u00bfY eso qu\u00e9 es? Tecnolog\u00eda. Entonces el gobierno tiene que intervenir directamente, proveyendo las facilidades para que puedan adquirir los equipos necesarios para incrementar la productividad. Y adem\u00e1s, capacitaci\u00f3n, para que esas tecnolog\u00edas se puedan utilizar\u201d, explic\u00f3.<\/p>\n\n\n\n<p>En esa misma l\u00ednea, destac\u00f3 avances internacionales que, seg\u00fan dijo, deben ser evaluados para su implementaci\u00f3n en el pa\u00eds. \u201cYa uno ve en cualquier sitio usando drones para supervisar la producci\u00f3n. He visto incluso fuera del pa\u00eds que usan muchos drones, ya casi no utilizan las avionetas para fumigar. Tambi\u00e9n he visto la producci\u00f3n agr\u00edcola vertical, agricultura de precisi\u00f3n, edificios que producen alimentos. Entonces, hay una transformaci\u00f3n en las formas de producci\u00f3n que tenemos que estudiar y ver c\u00f3mo aplicarla en la Rep\u00fablica Dominicana\u201d, se\u00f1al\u00f3.<\/p>\n\n\n\n<p>El encuentro concluy\u00f3 con el compromiso de seguir profundizando el di\u00e1logo con los distintos actores del sector agropecuario, con el objetivo de construir una propuesta de gobierno enfocada en modernizar la producci\u00f3n, fortalecer la capacidad t\u00e9cnica del Estado y garantizar mayor competitividad para el campo dominicano.<\/p>\n\n\n\n<p>Secretar\u00eda de Comunicaciones<br>Fuerza del Pueblo<\/p>\n","protected":false},"excerpt":{"rendered":"<p>Tras recibir informe del sector, Fern\u00e1ndez advierte debilidades estructurales en el campo y propone modernizar la producci\u00f3n con innovaci\u00f3n, financiamiento y asistencia t\u00e9cnica. Santo Domingo.\u2013 El presidente del partido Fuerza del Pueblo (FP) y expresidente de la Rep\u00fablica, Leonel Fern\u00e1ndez, sostuvo este mi\u00e9rcoles un encuentro con dirigentes del sector agropecuario de esa organizaci\u00f3n, en el [&hellip;]<\/p>\n","protected":false},"author":7,"featured_media":676152,"comment_status":"closed","ping_status":"closed","sticky":false,"template":"","format":"standard","meta":{"footnotes":""},"categories":[20,22,27],"tags":[764,131],"class_list":["post-676146","post","type-post","status-publish","format-standard","has-post-thumbnail","hentry","category-dominicana-hoy","category-politica","category-portada","tag-fuerza-del-pueblo-fp","tag-leonel-fernandez"],"_links":{"self":[{"href":"https:\/\/diariodominicano.com\/index.php?rest_route=\/wp\/v2\/posts\/676146","targetHints":{"allow":["GET"]}}],"collection":[{"href":"https:\/\/diariodominicano.com\/index.php?rest_route=\/wp\/v2\/posts"}],"about":[{"href":"https:\/\/diariodominicano.com\/index.php?rest_route=\/wp\/v2\/types\/post"}],"author":[{"embeddable":true,"href":"https:\/\/diariodominicano.com\/index.php?rest_route=\/wp\/v2\/users\/7"}],"replies":[{"embeddable":true,"href":"https:\/\/diariodominicano.com\/index.php?rest_route=%2Fwp%2Fv2%2Fcomments&post=676146"}],"version-history":[{"count":1,"href":"https:\/\/diariodominicano.com\/index.php?rest_route=\/wp\/v2\/posts\/676146\/revisions"}],"predecessor-version":[{"id":676157,"href":"https:\/\/diariodominicano.com\/index.php?rest_route=\/wp\/v2\/posts\/676146\/revisions\/676157"}],"wp:featuredmedia":[{"embeddable":true,"href":"https:\/\/diariodominicano.com\/index.php?rest_route=\/wp\/v2\/media\/676152"}],"wp:attachment":[{"href":"https:\/\/diariodominicano.com\/index.php?rest_route=%2Fwp%2Fv2%2Fmedia&parent=676146"}],"wp:term":[{"taxonomy":"category","embeddable":true,"href":"https:\/\/diariodominicano.com\/index.php?rest_route=%2Fwp%2Fv2%2Fcategories&post=676146"},{"taxonomy":"post_tag","embeddable":true,"href":"https:\/\/diariodominicano.com\/index.php?rest_route=%2Fwp%2Fv2%2Ftags&post=676146"}],"curies":[{"name":"wp","href":"https:\/\/api.w.org\/{rel}","templated":true}]}}