{"id":676145,"date":"2026-04-30T12:29:47","date_gmt":"2026-04-30T16:29:47","guid":{"rendered":"https:\/\/diariodominicano.com\/?p=676145"},"modified":"2026-04-30T12:29:57","modified_gmt":"2026-04-30T16:29:57","slug":"indexacion-salarial-y-justicia-social-en-el-estado-constitucional","status":"publish","type":"post","link":"https:\/\/diariodominicano.com\/?p=676145","title":{"rendered":"Indexaci\u00f3n salarial y justicia social en el Estado constitucional"},"content":{"rendered":"\n<p>\u00a0Por Rafael D\u00edaz Filpo <\/p>\n\n\n\n<p>La discusi\u00f3n sobre la indexaci\u00f3n salarial no puede ser reducida a un aspecto t\u00e9cnico del sistema tributario ni a una medida aislada de pol\u00edtica econ\u00f3mica, pues se trata de un tema que impacta directamente la efectividad de los derechos fundamentales y la capacidad del Estado para garantizar condiciones m\u00ednimas de dignidad a la poblaci\u00f3n, lo que obliga a abordarlo desde una perspectiva constitucional y no \u00fanicamente desde la l\u00f3gica fiscal.<\/p>\n\n\n\n<p>El se\u00f1alamiento que se ha formulado en torno a la indexaci\u00f3n contemplada en el C\u00f3digo Tributario pone en evidencia una realidad que no puede ser ignorada, ya que el mecanismo vigente beneficia a un segmento espec\u00edfico de trabajadores mientras deja fuera a quienes se encuentran en condiciones de mayor vulnerabilidad, lo que genera una distorsi\u00f3n en la finalidad redistributiva que debe orientar la acci\u00f3n del Estado dentro del modelo social y democr\u00e1tico de derecho.<\/p>\n\n\n\n<p>La Constituci\u00f3n dominicana impone al Estado la obligaci\u00f3n de promover la igualdad material y de adoptar medidas que permitan reducir las brechas existentes, de modo que cualquier pol\u00edtica vinculada al ingreso de los trabajadores debe ser evaluada a la luz de ese mandato, especialmente cuando la realidad muestra que amplios sectores no logran cubrir siquiera los costos b\u00e1sicos de la vida, situaci\u00f3n que compromete la efectividad de derechos como la alimentaci\u00f3n, la salud y el bienestar general.<\/p>\n\n\n\n<p>En ese contexto, la propuesta de una indexaci\u00f3n salarial que incorpore factores como la inflaci\u00f3n y el costo de la canasta familiar adquiere relevancia desde el punto de vista jur\u00eddico, en la medida en que procura alinear el ingreso de los trabajadores con las condiciones reales de la econom\u00eda, evitando que el salario pierda su capacidad adquisitiva y que el reconocimiento de derechos quede reducido a una declaraci\u00f3n sin contenido material.<\/p>\n\n\n\n<p>La inclusi\u00f3n de pensionados y jubilados dentro de este esquema responde tambi\u00e9n a una l\u00f3gica constitucional, pues se trata de sectores que han contribuido al sistema y que requieren protecci\u00f3n especial en funci\u00f3n de su condici\u00f3n, lo que refuerza la idea de que la indexaci\u00f3n no debe ser concebida como un beneficio sectorial, sino como una herramienta de equilibrio social.<\/p>\n\n\n\n<p>El debate, sin embargo, no debe limitarse a la necesidad de la medida, sino a la forma en que esta debe ser estructurada para garantizar su viabilidad y su coherencia con el ordenamiento jur\u00eddico, lo que implica la participaci\u00f3n de los poderes p\u00fablicos en un proceso de construcci\u00f3n normativa que permita armonizar la justicia social con la estabilidad econ\u00f3mica y la sostenibilidad fiscal.<\/p>\n\n\n\n<p>La indexaci\u00f3n salarial, correctamente dise\u00f1ada, puede contribuir a reducir tensiones sociales y a fortalecer la relaci\u00f3n entre el Estado y los ciudadanos, en la medida en que responde a una necesidad real y reconoce la importancia de asegurar condiciones de vida dignas, lo que incide directamente en la paz social y en la estabilidad institucional.<\/p>\n\n\n\n<p>Resulta necesario, en consecuencia, que el Congreso asuma con responsabilidad el estudio de propuestas orientadas a establecer un mecanismo de indexaci\u00f3n que responda a criterios objetivos y verificables, incorporando variables econ\u00f3micas que reflejen la realidad del pa\u00eds y asegurando que su alcance incluya a todos los sectores que requieren protecci\u00f3n.<\/p>\n\n\n\n<p>Expreso mi apoyo incondicional a la lucha de mi amigo Favio Ruiz que ha tomado la bandera de este importante tema, ahora corresponde a los poderes p\u00fablicos actuar con visi\u00f3n y responsabilidad, evaluando con rigor las propuestas que buscan corregir distorsiones en el sistema y adoptando las medidas necesarias para garantizar que el salario cumpla su funci\u00f3n esencial dentro del orden constitucional, de modo que la justicia social deje de ser una aspiraci\u00f3n y se convierta en una realidad tangible para la poblaci\u00f3n.<\/p>\n\n\n\n<p>Red Social CODI<\/p>\n","protected":false},"excerpt":{"rendered":"<p>\u00a0Por Rafael D\u00edaz Filpo La discusi\u00f3n sobre la indexaci\u00f3n salarial no puede ser reducida a un aspecto t\u00e9cnico del sistema tributario ni a una medida aislada de pol\u00edtica econ\u00f3mica, pues se trata de un tema que impacta directamente la efectividad de los derechos fundamentales y la capacidad del Estado para garantizar condiciones m\u00ednimas de dignidad [&hellip;]<\/p>\n","protected":false},"author":7,"featured_media":629699,"comment_status":"closed","ping_status":"closed","sticky":false,"template":"","format":"standard","meta":{"footnotes":""},"categories":[18,24,16],"tags":[2912],"class_list":["post-676145","post","type-post","status-publish","format-standard","has-post-thumbnail","hentry","category-economia","category-justicia-y-derecho","category-opiniones","tag-rafael-diaz-filpo"],"_links":{"self":[{"href":"https:\/\/diariodominicano.com\/index.php?rest_route=\/wp\/v2\/posts\/676145","targetHints":{"allow":["GET"]}}],"collection":[{"href":"https:\/\/diariodominicano.com\/index.php?rest_route=\/wp\/v2\/posts"}],"about":[{"href":"https:\/\/diariodominicano.com\/index.php?rest_route=\/wp\/v2\/types\/post"}],"author":[{"embeddable":true,"href":"https:\/\/diariodominicano.com\/index.php?rest_route=\/wp\/v2\/users\/7"}],"replies":[{"embeddable":true,"href":"https:\/\/diariodominicano.com\/index.php?rest_route=%2Fwp%2Fv2%2Fcomments&post=676145"}],"version-history":[{"count":1,"href":"https:\/\/diariodominicano.com\/index.php?rest_route=\/wp\/v2\/posts\/676145\/revisions"}],"predecessor-version":[{"id":676147,"href":"https:\/\/diariodominicano.com\/index.php?rest_route=\/wp\/v2\/posts\/676145\/revisions\/676147"}],"wp:featuredmedia":[{"embeddable":true,"href":"https:\/\/diariodominicano.com\/index.php?rest_route=\/wp\/v2\/media\/629699"}],"wp:attachment":[{"href":"https:\/\/diariodominicano.com\/index.php?rest_route=%2Fwp%2Fv2%2Fmedia&parent=676145"}],"wp:term":[{"taxonomy":"category","embeddable":true,"href":"https:\/\/diariodominicano.com\/index.php?rest_route=%2Fwp%2Fv2%2Fcategories&post=676145"},{"taxonomy":"post_tag","embeddable":true,"href":"https:\/\/diariodominicano.com\/index.php?rest_route=%2Fwp%2Fv2%2Ftags&post=676145"}],"curies":[{"name":"wp","href":"https:\/\/api.w.org\/{rel}","templated":true}]}}