{"id":676119,"date":"2026-04-30T11:17:31","date_gmt":"2026-04-30T15:17:31","guid":{"rendered":"https:\/\/diariodominicano.com\/?p=676119"},"modified":"2026-04-30T11:17:33","modified_gmt":"2026-04-30T15:17:33","slug":"gildan-y-fondo-agua-fortalecen-la-proteccion-hidrica-con-nuevo-acuerdo","status":"publish","type":"post","link":"https:\/\/diariodominicano.com\/?p=676119","title":{"rendered":"Gildan y Fondo Agua fortalecen la protecci\u00f3n h\u00eddrica con nuevo acuerdo\u00a0"},"content":{"rendered":"\n<p><em>Con la siembra de 35,200 plantas, las entidades buscan reducir la erosi\u00f3n del suelo y garantizar el flujo de agua hacia la capital.<\/em><\/p>\n\n\n\n<p><strong>Santo Domingo, Rep. Dom.-&nbsp;<\/strong>La intervenci\u00f3n de 32 hect\u00e1reas y la siembra de m\u00e1s de 35,200 plantas marcan el alcance de la renovaci\u00f3n de un acuerdo firmado entre el Fondo Agua Santo Domingo (FASD) y Gildan Dominicana, consolidando una de las alianzas ambientales privadas de mayor impacto en la cuenca del r\u00edo Ozama. &nbsp;<\/p>\n\n\n\n<figure class=\"wp-block-gallery has-nested-images columns-default is-cropped wp-block-gallery-1 is-layout-flex wp-block-gallery-is-layout-flex\">\n<figure class=\"wp-block-image size-large\"><img loading=\"lazy\" decoding=\"async\" width=\"1024\" height=\"575\" data-id=\"676138\" src=\"https:\/\/diariodominicano.com\/wp-content\/uploads\/2026\/04\/Juan-Roberto-Amell-y-Jose-Gonzalez-fortalecen-la-proteccion-hidrica-con-nuevo-acuerdo-1024x575.jpg\" alt=\"\" class=\"wp-image-676138\" srcset=\"https:\/\/diariodominicano.com\/wp-content\/uploads\/2026\/04\/Juan-Roberto-Amell-y-Jose-Gonzalez-fortalecen-la-proteccion-hidrica-con-nuevo-acuerdo-1024x575.jpg 1024w, https:\/\/diariodominicano.com\/wp-content\/uploads\/2026\/04\/Juan-Roberto-Amell-y-Jose-Gonzalez-fortalecen-la-proteccion-hidrica-con-nuevo-acuerdo-300x169.jpg 300w, https:\/\/diariodominicano.com\/wp-content\/uploads\/2026\/04\/Juan-Roberto-Amell-y-Jose-Gonzalez-fortalecen-la-proteccion-hidrica-con-nuevo-acuerdo-768x431.jpg 768w, https:\/\/diariodominicano.com\/wp-content\/uploads\/2026\/04\/Juan-Roberto-Amell-y-Jose-Gonzalez-fortalecen-la-proteccion-hidrica-con-nuevo-acuerdo-816x458.jpg 816w, https:\/\/diariodominicano.com\/wp-content\/uploads\/2026\/04\/Juan-Roberto-Amell-y-Jose-Gonzalez-fortalecen-la-proteccion-hidrica-con-nuevo-acuerdo.jpg 1200w\" sizes=\"auto, (max-width: 1024px) 100vw, 1024px\" \/><figcaption class=\"wp-element-caption\">Juan Roberto Amell y Jos\u00e9 Gonz\u00e1lez <\/figcaption><\/figure>\n<\/figure>\n\n\n\n<p>El proyecto, que tendr\u00e1 una vigencia de dos a\u00f1os, contempla adem\u00e1s beneficiar de forma directa a unas 500 personas en comunidades rurales de Bayaguana y Monte Plata, integrando acciones de capacitaci\u00f3n, voluntariado corporativo y desarrollo productivo local.<\/p>\n\n\n\n<figure class=\"wp-block-gallery has-nested-images columns-default is-cropped wp-block-gallery-2 is-layout-flex wp-block-gallery-is-layout-flex\">\n<figure class=\"wp-block-image size-large\"><img loading=\"lazy\" decoding=\"async\" width=\"1024\" height=\"575\" data-id=\"676136\" src=\"https:\/\/diariodominicano.com\/wp-content\/uploads\/2026\/04\/Acuerdo-Fondo-Agua-Santo-Domingo-1024x575.jpg\" alt=\"\" class=\"wp-image-676136\" srcset=\"https:\/\/diariodominicano.com\/wp-content\/uploads\/2026\/04\/Acuerdo-Fondo-Agua-Santo-Domingo-1024x575.jpg 1024w, https:\/\/diariodominicano.com\/wp-content\/uploads\/2026\/04\/Acuerdo-Fondo-Agua-Santo-Domingo-300x169.jpg 300w, https:\/\/diariodominicano.com\/wp-content\/uploads\/2026\/04\/Acuerdo-Fondo-Agua-Santo-Domingo-768x431.jpg 768w, https:\/\/diariodominicano.com\/wp-content\/uploads\/2026\/04\/Acuerdo-Fondo-Agua-Santo-Domingo-816x458.jpg 816w, https:\/\/diariodominicano.com\/wp-content\/uploads\/2026\/04\/Acuerdo-Fondo-Agua-Santo-Domingo.jpg 1200w\" sizes=\"auto, (max-width: 1024px) 100vw, 1024px\" \/><\/figure>\n<\/figure>\n\n\n\n<p>El eje central de la iniciativa es la restauraci\u00f3n ecol\u00f3gica en la subcuenca del r\u00edo Yabacao, considerada una zona clave para la sostenibilidad h\u00eddrica del Gran Santo Domingo. \u201cA trav\u00e9s de sistemas agroforestales y jornadas de reforestaci\u00f3n, el proyecto busca mejorar la cobertura vegetal, reducir la erosi\u00f3n del suelo y optimizar la regulaci\u00f3n del flujo h\u00eddrico\u201d, afirm\u00f3 el vicepresidente del FASD, Juan Roberto Amell.<\/p>\n\n\n\n<p>Asimismo, precis\u00f3 que el alcance t\u00e9cnico y territorial evidencia una apuesta relevante del sector privado por soluciones basadas en la naturaleza, que incluye el monitoreo continuo y la participaci\u00f3n activa de colaboradores de Gildan en jornadas de campo, fortaleciendo el v\u00ednculo entre empresa y medioambiente.<\/p>\n\n\n\n<p>De su lado, Jos\u00e9 Gonz\u00e1lez, asesor legal regional de Gildan, destac\u00f3 que la alianza con el Fondo Agua Santo Domingo forma parte de las iniciativas del programa de inversi\u00f3n comunitaria de la compa\u00f1\u00eda y est\u00e1 alineada con su estrategia de sostenibilidad, que concibe la protecci\u00f3n del agua como una responsabilidad compartida y clave para el bienestar de las comunidades. Se\u00f1al\u00f3 que, desde su inicio en 2022, el acuerdo ha generado resultados extraordinarios, como la reforestaci\u00f3n de 11.72 hect\u00e1reas, la siembra de m\u00e1s de 12,900 plantas, contribuyendo al desarrollo de empleos verdes y capacidades locales.<\/p>\n\n\n\n<p>Indic\u00f3 que la expansi\u00f3n del proyecto hacia la subcuenca del r\u00edo Yabacao da continuidad a los avances alcanzados en la cuenca del r\u00edo Ozama y reafirma el compromiso de Gildan con la sostenibilidad ambiental. A\u00f1adi\u00f3 que el acuerdo se consolida como un modelo de articulaci\u00f3n entre el sector privado, las comunidades y plataformas t\u00e9cnicas especializadas, en respuesta a los desaf\u00edos de la seguridad h\u00eddrica del pa\u00eds.<\/p>\n\n\n\n<p>La actividad cont\u00f3 con la asistencia de directivos de ambas entidades, representantes de la embajada de Canad\u00e1, de la Red Empresarial para el Apoyo Ambiental (Ecored), de la Asociaci\u00f3n Dominicana de Exportadores (Adoexpo), de la Asociaci\u00f3n de Industrias de la Rep\u00fablicas Dominicana, entre otros actores del ecosistema empresarial, ambiental y aliados estrat\u00e9gicos.<\/p>\n\n\n\n<p>Elizabeth Mart\u00ednez-MGPR <a href=\"mailto:emartinez@mgpr.com.do\">emartinez@mgpr.com.do<\/a><\/p>\n","protected":false},"excerpt":{"rendered":"<p>Con la siembra de 35,200 plantas, las entidades buscan reducir la erosi\u00f3n del suelo y garantizar el flujo de agua hacia la capital. Santo Domingo, Rep. Dom.-&nbsp;La intervenci\u00f3n de 32 hect\u00e1reas y la siembra de m\u00e1s de 35,200 plantas marcan el alcance de la renovaci\u00f3n de un acuerdo firmado entre el Fondo Agua Santo Domingo [&hellip;]<\/p>\n","protected":false},"author":7,"featured_media":676138,"comment_status":"closed","ping_status":"closed","sticky":false,"template":"","format":"standard","meta":{"footnotes":""},"categories":[36],"tags":[5765],"class_list":["post-676119","post","type-post","status-publish","format-standard","has-post-thumbnail","hentry","category-hombresmujeresycosas","tag-fondo-agua-santo-domingo-fasd"],"_links":{"self":[{"href":"https:\/\/diariodominicano.com\/index.php?rest_route=\/wp\/v2\/posts\/676119","targetHints":{"allow":["GET"]}}],"collection":[{"href":"https:\/\/diariodominicano.com\/index.php?rest_route=\/wp\/v2\/posts"}],"about":[{"href":"https:\/\/diariodominicano.com\/index.php?rest_route=\/wp\/v2\/types\/post"}],"author":[{"embeddable":true,"href":"https:\/\/diariodominicano.com\/index.php?rest_route=\/wp\/v2\/users\/7"}],"replies":[{"embeddable":true,"href":"https:\/\/diariodominicano.com\/index.php?rest_route=%2Fwp%2Fv2%2Fcomments&post=676119"}],"version-history":[{"count":1,"href":"https:\/\/diariodominicano.com\/index.php?rest_route=\/wp\/v2\/posts\/676119\/revisions"}],"predecessor-version":[{"id":676139,"href":"https:\/\/diariodominicano.com\/index.php?rest_route=\/wp\/v2\/posts\/676119\/revisions\/676139"}],"wp:featuredmedia":[{"embeddable":true,"href":"https:\/\/diariodominicano.com\/index.php?rest_route=\/wp\/v2\/media\/676138"}],"wp:attachment":[{"href":"https:\/\/diariodominicano.com\/index.php?rest_route=%2Fwp%2Fv2%2Fmedia&parent=676119"}],"wp:term":[{"taxonomy":"category","embeddable":true,"href":"https:\/\/diariodominicano.com\/index.php?rest_route=%2Fwp%2Fv2%2Fcategories&post=676119"},{"taxonomy":"post_tag","embeddable":true,"href":"https:\/\/diariodominicano.com\/index.php?rest_route=%2Fwp%2Fv2%2Ftags&post=676119"}],"curies":[{"name":"wp","href":"https:\/\/api.w.org\/{rel}","templated":true}]}}