{"id":676079,"date":"2026-04-30T02:37:46","date_gmt":"2026-04-30T06:37:46","guid":{"rendered":"https:\/\/diariodominicano.com\/?p=676079"},"modified":"2026-04-30T02:37:50","modified_gmt":"2026-04-30T06:37:50","slug":"concluye-peregrinacion-por-una-venezuela-sin-sanciones-y-en-paz","status":"publish","type":"post","link":"https:\/\/diariodominicano.com\/?p=676079","title":{"rendered":"Concluye peregrinaci\u00f3n por \u201cUna Venezuela sin sanciones y en paz\u201d"},"content":{"rendered":"\n<p>Caracas, 30 abr (Prensa Latina) La gran peregrinaci\u00f3n por \u201cUna Venezuela sin sanciones y en paz\u201d concluye hoy en Caracas su cruzada en defensa de la unidad y convivencia de los venezolanos, despu\u00e9s de recorrer cientos de kil\u00f3metros por los estados del pa\u00eds.<\/p>\n\n\n\n<ul class=\"wp-block-list\">\n<li><a href=\"https:\/\/www.prensa-latina.cu\/2026\/04\/30\/\"><time>abril 30, 2026 | 00:04<\/time><\/a><\/li>\n<\/ul>\n\n\n\n<ul class=\"wp-block-list\">\n<li><a href=\"https:\/\/www.prensa-latina.cu\/2026\/04\/30\/concluye-peregrinacion-por-una-venezuela-sin-sanciones-y-en-paz\/#\"><\/a><\/li>\n\n\n\n<li><a href=\"https:\/\/www.prensa-latina.cu\/2026\/04\/30\/concluye-peregrinacion-por-una-venezuela-sin-sanciones-y-en-paz\/#\"><\/a><\/li>\n\n\n\n<li><a href=\"https:\/\/www.prensa-latina.cu\/2026\/04\/30\/concluye-peregrinacion-por-una-venezuela-sin-sanciones-y-en-paz\/#\"><\/a><\/li>\n\n\n\n<li><a href=\"https:\/\/www.prensa-latina.cu\/2026\/04\/30\/concluye-peregrinacion-por-una-venezuela-sin-sanciones-y-en-paz\/#\"><\/a><\/li>\n<\/ul>\n\n\n\n<p>Fueron 12 d\u00edas de intenso andar de las autoridades pol\u00edticas, de gobierno y la Asamblea Nacional, junto al pueblo y la sociedad civil toda, para denunciar el impacto del bloqueo y las medidas coercitivas unilaterales, pero tambi\u00e9n de reflexi\u00f3n, acompa\u00f1amiento y de verdades.<\/p>\n\n\n\n<p>Movimientos sociales y culturales, campesinos, pescadores, religiosos, diputados, partidos pol\u00edticos afines y adversos, empresarios, j\u00f3venes, mujeres, deportistas y otros, fueron protagonistas de encuentros transparentes donde no import\u00f3 el pensar ideol\u00f3gico, credo o posici\u00f3n social.<\/p>\n\n\n\n<p>M\u00e1s que las diferencias pol\u00edticas -como se reconoci\u00f3 una y otra vez en cada encuentro- los discursos y propuestas estuvieron encaminados a la reconciliaci\u00f3n, en avanzar juntos y aprovechar lo que los une en funci\u00f3n de sacar al pa\u00eds hacia adelante en el complejo escenario que vive la naci\u00f3n.<\/p>\n\n\n\n<p>Por eso se record\u00f3 la huella del 3 de enero \u00faltimo cuando el pa\u00eds fue agredido por \u201cuna potencia nuclear\u201d, como se\u00f1al\u00f3 la presidenta encargada Delcy Rodr\u00edguez, y se sintieron caer los misiles y las bombas.<\/p>\n\n\n\n<p>Ayer desde el estado de La Guaira (norte), la mandataria agradeci\u00f3 la participaci\u00f3n de los guaire\u00f1os en la peregrinaci\u00f3n, la cual supone una \u201cnueva espiritualidad\u201d para el pueblo que nunca \u201cse ha rendido y marcha con la frente en alto\u201d para levantar las banderas de la dignidad, la soberan\u00eda y la independencia.<\/p>\n\n\n\n<p>Rodr\u00edguez coment\u00f3 que la peregrinaci\u00f3n sali\u00f3 en tres columnas, luego recorri\u00f3 todo el pa\u00eds por los 24 estados y ahora est\u00e1n a pocas horas y kil\u00f3metros de \u201cencontrarnos en Caracas para abrazarnos como venezolanos que quieren el bien para la naci\u00f3n\u00bb, acot\u00f3.<\/p>\n\n\n\n<p>Subray\u00f3 que la peregrinaci\u00f3n es un \u201cproceso interno, de cambio, reflexi\u00f3n y colectivo para, como sociedad, poder entenderse\u201d.<\/p>\n\n\n\n<p>La dignataria remarc\u00f3 que han dado pasos importantes, pero no puede quedar una sola sanci\u00f3n contra el pa\u00eds porque causaron sufrimiento, \u201catentando contra el desarrollo y afectaron las relaciones de Venezuela con esta regi\u00f3n y con el mundo\u201d.<\/p>\n\n\n\n<p>Al respecto, afirm\u00f3 que la peregrinaci\u00f3n solo concluir\u00e1 cuando cesen el bloqueo y todas las sanciones contra Venezuela.<\/p>\n\n\n\n<p>\u201cYa basta, lleg\u00f3 el momento de que Venezuela est\u00e9 libre de sanciones, el pueblo pueda respirar, los ni\u00f1os tengan educaci\u00f3n de calidad y los abuelos atenci\u00f3n integral\u201d, reafirm\u00f3.<\/p>\n\n\n\n<p>Pido al presidente Donald Trump, a los gobiernos europeos, \u201cel cese completo del bloqueo contra Venezuela, que no quede vigente ni una sola sanci\u00f3n, porque lo padecen los ni\u00f1os de Venezuela\u201d, insisti\u00f3.<\/p>\n\n\n\n<p>El vicepresidente sectorial de Pol\u00edtica, Seguridad Ciudadana y Paz Diosdado Cabello desde el estado de Gu\u00e1rico (centro) reconoci\u00f3 que, al concluir esta primera fase de la peregrinaci\u00f3n, el logro principal fue la \u201cconstrucci\u00f3n de un consenso nacional\u201d.<\/p>\n\n\n\n<p>idm\/jcd<\/p>\n\n\n\n<ul class=\"wp-block-list\">\n<li>#<a href=\"https:\/\/www.prensa-latina.cu\/etiqueta\/bloqueo\/\">bloqueo<\/a>\u00a0#<a href=\"https:\/\/www.prensa-latina.cu\/etiqueta\/eeuu\/\">eeuu<\/a>\u00a0#<a href=\"https:\/\/www.prensa-latina.cu\/etiqueta\/paz\/\">paz<\/a>\u00a0#<a href=\"https:\/\/www.prensa-latina.cu\/etiqueta\/sanciones\/\">sanciones<\/a>\u00a0#<a href=\"https:\/\/www.prensa-latina.cu\/etiqueta\/trump\/\">trump<\/a>\u00a0#<a href=\"https:\/\/www.prensa-latina.cu\/etiqueta\/venezuela\/\">Venezuela<\/a><\/li>\n<\/ul>\n","protected":false},"excerpt":{"rendered":"<p>Caracas, 30 abr (Prensa Latina) La gran peregrinaci\u00f3n por \u201cUna Venezuela sin sanciones y en paz\u201d concluye hoy en Caracas su cruzada en defensa de la unidad y convivencia de los venezolanos, despu\u00e9s de recorrer cientos de kil\u00f3metros por los estados del pa\u00eds. Fueron 12 d\u00edas de intenso andar de las autoridades pol\u00edticas, de gobierno [&hellip;]<\/p>\n","protected":false},"author":2,"featured_media":676080,"comment_status":"open","ping_status":"closed","sticky":false,"template":"","format":"standard","meta":{"footnotes":""},"categories":[23],"tags":[4338],"class_list":["post-676079","post","type-post","status-publish","format-standard","has-post-thumbnail","hentry","category-internacional","tag-delcy-rodriguez-2"],"_links":{"self":[{"href":"https:\/\/diariodominicano.com\/index.php?rest_route=\/wp\/v2\/posts\/676079","targetHints":{"allow":["GET"]}}],"collection":[{"href":"https:\/\/diariodominicano.com\/index.php?rest_route=\/wp\/v2\/posts"}],"about":[{"href":"https:\/\/diariodominicano.com\/index.php?rest_route=\/wp\/v2\/types\/post"}],"author":[{"embeddable":true,"href":"https:\/\/diariodominicano.com\/index.php?rest_route=\/wp\/v2\/users\/2"}],"replies":[{"embeddable":true,"href":"https:\/\/diariodominicano.com\/index.php?rest_route=%2Fwp%2Fv2%2Fcomments&post=676079"}],"version-history":[{"count":1,"href":"https:\/\/diariodominicano.com\/index.php?rest_route=\/wp\/v2\/posts\/676079\/revisions"}],"predecessor-version":[{"id":676081,"href":"https:\/\/diariodominicano.com\/index.php?rest_route=\/wp\/v2\/posts\/676079\/revisions\/676081"}],"wp:featuredmedia":[{"embeddable":true,"href":"https:\/\/diariodominicano.com\/index.php?rest_route=\/wp\/v2\/media\/676080"}],"wp:attachment":[{"href":"https:\/\/diariodominicano.com\/index.php?rest_route=%2Fwp%2Fv2%2Fmedia&parent=676079"}],"wp:term":[{"taxonomy":"category","embeddable":true,"href":"https:\/\/diariodominicano.com\/index.php?rest_route=%2Fwp%2Fv2%2Fcategories&post=676079"},{"taxonomy":"post_tag","embeddable":true,"href":"https:\/\/diariodominicano.com\/index.php?rest_route=%2Fwp%2Fv2%2Ftags&post=676079"}],"curies":[{"name":"wp","href":"https:\/\/api.w.org\/{rel}","templated":true}]}}