{"id":676073,"date":"2026-04-30T02:28:42","date_gmt":"2026-04-30T06:28:42","guid":{"rendered":"https:\/\/diariodominicano.com\/?p=676073"},"modified":"2026-04-30T02:28:45","modified_gmt":"2026-04-30T06:28:45","slug":"productores-exigen-intervencion-urgente-en-caminos-vecinales-de-carbonera","status":"publish","type":"post","link":"https:\/\/diariodominicano.com\/?p=676073","title":{"rendered":"Productores exigen intervenci\u00f3n urgente en caminos vecinales de Carbonera"},"content":{"rendered":"\n<p><em>\u201cLa producci\u00f3n de Sand\u00edas se est\u00e1 perdiendo en el campo por caminos intransitables; sin v\u00edas rurales, no hay desarrollo agr\u00edcola\u201d, aseguran los productores de Carbonera en Monte Cristy.<\/em><\/p>\n\n\n\n<p>El Partido de la Liberaci\u00f3n Dominicana (PLD) se hizo eco de la grave situaci\u00f3n que enfrentan los productores de sand\u00eda de la secci\u00f3n Carbonera de Manzanillo, en Montecristi, quienes denunciaron el estado deplorable de los caminos vecinales y parcelarios, los cuales impiden el traslado de sus cosechas hacia los mercados.<\/p>\n\n\n\n<figure class=\"wp-block-image size-full\"><img loading=\"lazy\" decoding=\"async\" width=\"363\" height=\"554\" src=\"https:\/\/diariodominicano.com\/wp-content\/uploads\/2026\/04\/FOTO-CARBONERA-2.jpg\" alt=\"\" class=\"wp-image-676075\" srcset=\"https:\/\/diariodominicano.com\/wp-content\/uploads\/2026\/04\/FOTO-CARBONERA-2.jpg 363w, https:\/\/diariodominicano.com\/wp-content\/uploads\/2026\/04\/FOTO-CARBONERA-2-197x300.jpg 197w\" sizes=\"auto, (max-width: 363px) 100vw, 363px\" \/><\/figure>\n\n\n\n<p>De acuerdo con los agricultores, estas v\u00edas se encuentran totalmente intransitables, provocando la p\u00e9rdida de toneladas de producci\u00f3n y generando una crisis econ\u00f3mica que afecta a decenas de familias que dependen de esta actividad para su sustento.<\/p>\n\n\n\n<p>Los productores calificaron como inaceptable el abandono en que se encuentra el campo y se\u00f1alaron que la falta de mantenimiento de los caminos rurales est\u00e1 impactando directamente la producci\u00f3n agr\u00edcola y la seguridad alimentaria de la zona.<\/p>\n\n\n\n<p>En declaraciones enviadas a la Secretar\u00eda de Comunicaciones, los productores manifiestan que \u201cEs inadmisible que hombres y mujeres que trabajan la tierra est\u00e9n perdiendo sus cosechas por la falta de condiciones b\u00e1sicas. Esta situaci\u00f3n requiere una respuesta inmediata de las autoridades\u201d.<\/p>\n\n\n\n<p>Asimismo, los productores de Carbonera insistieron en que pese a los reiterados llamados realizados, no se han ejecutado acciones concretas para solucionar el problema, lo que agrava a\u00fan m\u00e1s la situaci\u00f3n en la comunidad.<\/p>\n\n\n\n<p>Ante este panorama, los productores exigieron la intervenci\u00f3n urgente de las instituciones competentes para la rehabilitaci\u00f3n de los caminos vecinales, a fin de evitar mayores p\u00e9rdidas econ\u00f3micas y garantizar que los productores puedan comercializar sus productos en condiciones dignas.<\/p>\n\n\n\n<p>\u201cEl campo no puede seguir en el olvido. Sin caminos no hay producci\u00f3n, y sin producci\u00f3n no hay desarrollo\u201d, concluye el comunicado respaldado por el PLD.<\/p>\n\n\n\n<p><strong>SECRETAR\u00cdA DE COMUNICACIONES<\/strong><\/p>\n\n\n\n<p><strong>29 DE ABRIL DE 2026<\/strong><\/p>\n","protected":false},"excerpt":{"rendered":"<p>\u201cLa producci\u00f3n de Sand\u00edas se est\u00e1 perdiendo en el campo por caminos intransitables; sin v\u00edas rurales, no hay desarrollo agr\u00edcola\u201d, aseguran los productores de Carbonera en Monte Cristy. El Partido de la Liberaci\u00f3n Dominicana (PLD) se hizo eco de la grave situaci\u00f3n que enfrentan los productores de sand\u00eda de la secci\u00f3n Carbonera de Manzanillo, en [&hellip;]<\/p>\n","protected":false},"author":2,"featured_media":676074,"comment_status":"open","ping_status":"closed","sticky":false,"template":"","format":"standard","meta":{"footnotes":""},"categories":[22],"tags":[5760],"class_list":["post-676073","post","type-post","status-publish","format-standard","has-post-thumbnail","hentry","category-politica","tag-seccion-carbonera-de-manzanillo"],"_links":{"self":[{"href":"https:\/\/diariodominicano.com\/index.php?rest_route=\/wp\/v2\/posts\/676073","targetHints":{"allow":["GET"]}}],"collection":[{"href":"https:\/\/diariodominicano.com\/index.php?rest_route=\/wp\/v2\/posts"}],"about":[{"href":"https:\/\/diariodominicano.com\/index.php?rest_route=\/wp\/v2\/types\/post"}],"author":[{"embeddable":true,"href":"https:\/\/diariodominicano.com\/index.php?rest_route=\/wp\/v2\/users\/2"}],"replies":[{"embeddable":true,"href":"https:\/\/diariodominicano.com\/index.php?rest_route=%2Fwp%2Fv2%2Fcomments&post=676073"}],"version-history":[{"count":1,"href":"https:\/\/diariodominicano.com\/index.php?rest_route=\/wp\/v2\/posts\/676073\/revisions"}],"predecessor-version":[{"id":676076,"href":"https:\/\/diariodominicano.com\/index.php?rest_route=\/wp\/v2\/posts\/676073\/revisions\/676076"}],"wp:featuredmedia":[{"embeddable":true,"href":"https:\/\/diariodominicano.com\/index.php?rest_route=\/wp\/v2\/media\/676074"}],"wp:attachment":[{"href":"https:\/\/diariodominicano.com\/index.php?rest_route=%2Fwp%2Fv2%2Fmedia&parent=676073"}],"wp:term":[{"taxonomy":"category","embeddable":true,"href":"https:\/\/diariodominicano.com\/index.php?rest_route=%2Fwp%2Fv2%2Fcategories&post=676073"},{"taxonomy":"post_tag","embeddable":true,"href":"https:\/\/diariodominicano.com\/index.php?rest_route=%2Fwp%2Fv2%2Ftags&post=676073"}],"curies":[{"name":"wp","href":"https:\/\/api.w.org\/{rel}","templated":true}]}}