{"id":676071,"date":"2026-04-30T02:24:32","date_gmt":"2026-04-30T06:24:32","guid":{"rendered":"https:\/\/diariodominicano.com\/?p=676071"},"modified":"2026-04-30T02:24:37","modified_gmt":"2026-04-30T06:24:37","slug":"estados-unidos-celebra-la-firma-de-los-acuerdos-de-artemisa-por-parte-de-marruecos","status":"publish","type":"post","link":"https:\/\/diariodominicano.com\/?p=676071","title":{"rendered":"Estados Unidos celebra la firma de los Acuerdos de Artemisa por parte de Marruecos"},"content":{"rendered":"\n<p>Nota de prensa<\/p>\n\n\n\n<p>29 de abril de 2026<\/p>\n\n\n\n<p>El Departamento de Estado felicita a Marruecos por su adhesi\u00f3n a los Acuerdos de Artemis. Marruecos es el 64.\u00ba pa\u00eds en firmar los Acuerdos hasta la fecha, comprometi\u00e9ndose as\u00ed con la exploraci\u00f3n y el uso pac\u00edfico del espacio.<\/p>\n\n\n\n<p>El ministro de Asuntos Exteriores marroqu\u00ed, Nasser Bourita, firm\u00f3 los Acuerdos en nombre del Reino de Marruecos el 29 de abril en una ceremonia celebrada en Rabat, Marruecos. El subsecretario de Estado de Estados Unidos, Christopher Landau, y el embajador estadounidense en Marruecos, Duke Buchan III, fueron testigos de la firma.<\/p>\n\n\n\n<p>La firma por parte de Marruecos de los Acuerdos de Artemisa refleja la solidez de la alianza entre Estados Unidos y Marruecos y la extensi\u00f3n de esa colaboraci\u00f3n al \u00e1mbito espacial, lo que demuestra el compromiso de Marruecos con la exploraci\u00f3n espacial responsable.<\/p>\n\n\n\n<p>Estados Unidos y otros siete pa\u00edses establecieron los Acuerdos de Artemis en 2020 como un conjunto de principios pr\u00e1cticos para guiar la exploraci\u00f3n espacial responsable. Marruecos se une a Estados Unidos y a otras 62 naciones al reafirmar los principios de los Acuerdos para una actividad espacial civil sostenible. El Departamento de Estado y la NASA lideran la difusi\u00f3n e implementaci\u00f3n de los Acuerdos por parte de Estados Unidos.<\/p>\n\n\n\n<p>Para obtener m\u00e1s informaci\u00f3n, incluida la lista completa de signatarios de los Acuerdos, visite la\u00a0<a href=\"https:\/\/links-2.govdelivery.com\/CL0\/https:%2F%2Fwww.state.gov%2Fbureau-of-oceans-and-international-environmental-and-scientific-affairs%2Fartemis-accords\/1\/0101019ddb041503-467a1e9a-db42-4805-a822-908964148ee7-000000\/gJhWFHKuhEkB0nvix4kjszj8d_mrRxOOt_kE4AlBoYU=452\" target=\"_blank\" rel=\"noreferrer noopener\">p\u00e1gina web de los Acuerdos de Artemis<\/a>\u00a0.<\/p>\n\n\n\n<p>Oficina del Portavoz<\/p>\n\n\n\n<p> U.S. Department of State<\/p>\n\n\n\n<p><a target=\"_blank\" href=\"mailto:usstatebpa@public.govdelivery.com\" rel=\"noreferrer noopener\">usstatebpa@public.govdelivery.com<\/a><\/p>\n","protected":false},"excerpt":{"rendered":"<p>Nota de prensa 29 de abril de 2026 El Departamento de Estado felicita a Marruecos por su adhesi\u00f3n a los Acuerdos de Artemis. Marruecos es el 64.\u00ba pa\u00eds en firmar los Acuerdos hasta la fecha, comprometi\u00e9ndose as\u00ed con la exploraci\u00f3n y el uso pac\u00edfico del espacio. El ministro de Asuntos Exteriores marroqu\u00ed, Nasser Bourita, firm\u00f3 [&hellip;]<\/p>\n","protected":false},"author":2,"featured_media":0,"comment_status":"open","ping_status":"closed","sticky":false,"template":"","format":"standard","meta":{"footnotes":""},"categories":[23],"tags":[5759],"class_list":["post-676071","post","type-post","status-publish","format-standard","hentry","category-internacional","tag-artemisa"],"_links":{"self":[{"href":"https:\/\/diariodominicano.com\/index.php?rest_route=\/wp\/v2\/posts\/676071","targetHints":{"allow":["GET"]}}],"collection":[{"href":"https:\/\/diariodominicano.com\/index.php?rest_route=\/wp\/v2\/posts"}],"about":[{"href":"https:\/\/diariodominicano.com\/index.php?rest_route=\/wp\/v2\/types\/post"}],"author":[{"embeddable":true,"href":"https:\/\/diariodominicano.com\/index.php?rest_route=\/wp\/v2\/users\/2"}],"replies":[{"embeddable":true,"href":"https:\/\/diariodominicano.com\/index.php?rest_route=%2Fwp%2Fv2%2Fcomments&post=676071"}],"version-history":[{"count":1,"href":"https:\/\/diariodominicano.com\/index.php?rest_route=\/wp\/v2\/posts\/676071\/revisions"}],"predecessor-version":[{"id":676072,"href":"https:\/\/diariodominicano.com\/index.php?rest_route=\/wp\/v2\/posts\/676071\/revisions\/676072"}],"wp:attachment":[{"href":"https:\/\/diariodominicano.com\/index.php?rest_route=%2Fwp%2Fv2%2Fmedia&parent=676071"}],"wp:term":[{"taxonomy":"category","embeddable":true,"href":"https:\/\/diariodominicano.com\/index.php?rest_route=%2Fwp%2Fv2%2Fcategories&post=676071"},{"taxonomy":"post_tag","embeddable":true,"href":"https:\/\/diariodominicano.com\/index.php?rest_route=%2Fwp%2Fv2%2Ftags&post=676071"}],"curies":[{"name":"wp","href":"https:\/\/api.w.org\/{rel}","templated":true}]}}