{"id":676036,"date":"2026-04-30T00:51:23","date_gmt":"2026-04-30T04:51:23","guid":{"rendered":"https:\/\/diariodominicano.com\/?p=676036"},"modified":"2026-04-30T00:51:25","modified_gmt":"2026-04-30T04:51:25","slug":"andersson-garcia-prioriza-a-puerto-plata-el-nba-dominicano-declina-ofertas-internacionales-para-buscar-la-corona-con-los-marineros","status":"publish","type":"post","link":"https:\/\/diariodominicano.com\/?p=676036","title":{"rendered":"Andersson Garc\u00eda prioriza a Puerto Plata: El NBA dominicano declina ofertas internacionales para buscar la corona con los Marineros"},"content":{"rendered":"\n<p>PUERTO PLATA, RD \u2013 En un movimiento que reafirma su compromiso con el baloncesto nacional y su lealtad a la \u00abNovia del Atl\u00e1ntico\u00bb, el estelar alero dominicano Andersson Garc\u00eda, conocido como \u00abLa Mamba\u00bb, ha decidido declinar jugosas ofertas fuera del pa\u00eds y oficialmente unirse a los Marineros de Puerto Plata para la temporada 2026 de la Liga Nacional de Baloncesto (LNB).<\/p>\n\n\n\n<p>Tras su reciente e hist\u00f3rico paso por la NBA con los Utah Jazz y una destacada participaci\u00f3n con los Capitanes de la Ciudad de M\u00e9xico en la G-League, Garc\u00eda se convirti\u00f3 en uno de los agentes libres m\u00e1s codiciados del mercado internacional. Fuentes cercanas al jugador confirmaron que el nativo de Moca recibi\u00f3 propuestas formales de importantes ligas en Europa y Venezuela.<\/p>\n\n\n\n<p><em>\u00abMi meta es clara: quiero darle a Puerto Plata el campeonato que se merece. Aunque las ofertas internacionales eran tentadoras, mi coraz\u00f3n y mi enfoque est\u00e1n en los Marineros y en nuestra fanaticada\u00bb<\/em>, expres\u00f3 Garc\u00eda<\/p>\n\n\n\n<p><em>\u00b4\u00b4Quiero aprovechar esta oportunidad de jugara con Marineros, porque no se si en el futuro podr\u00e9 estar con el equipo, ya que tengo la meta de regresar a la NBA\u00b4\u00b4<\/em><\/p>\n\n\n\n<p>Garc\u00eda llega a la \u00abSuperliga\u00bb en la plenitud de su carrera, tras ser novato del a\u00f1o en 2025 y haber promediado cifras de doble-doble en la NCAA con Texas A&amp;M y demostrar su capacidad defensiva y rebotera en el m\u00e1ximo nivel del baloncesto mundial. En su \u00faltima etapa con los Utah Jazz, el dominicano registr\u00f3 partidos de hasta 11 rebotes y 3 robos, consolid\u00e1ndose como un jugador de impacto inmediato en ambos lados de la cancha.<\/p>\n\n\n\n<p>La gerencia de los Marineros de Puerto Plata destac\u00f3 que la incorporaci\u00f3n de Andersson no solo eleva el nivel competitivo del conjunto, sino que env\u00eda un mensaje de ambici\u00f3n para toda la provincia. Con \u00abLa Mamba\u00bb en sus filas, el equipo se posiciona como uno de los m\u00e1ximos favoritos para levantar la copa en esta edici\u00f3n de la LNB.<\/p>\n\n\n\n<p>Winston Cid<\/p>\n\n\n\n<p><a target=\"_blank\" href=\"mailto:wincid@gmail.com\" rel=\"noreferrer noopener\">wincid@gmail.com<\/a><\/p>\n\n\n\n<p>Prensa Marineros de Puerto Plata<\/p>\n","protected":false},"excerpt":{"rendered":"<p>PUERTO PLATA, RD \u2013 En un movimiento que reafirma su compromiso con el baloncesto nacional y su lealtad a la \u00abNovia del Atl\u00e1ntico\u00bb, el estelar alero dominicano Andersson Garc\u00eda, conocido como \u00abLa Mamba\u00bb, ha decidido declinar jugosas ofertas fuera del pa\u00eds y oficialmente unirse a los Marineros de Puerto Plata para la temporada 2026 de [&hellip;]<\/p>\n","protected":false},"author":2,"featured_media":676037,"comment_status":"open","ping_status":"closed","sticky":false,"template":"","format":"standard","meta":{"footnotes":""},"categories":[17],"tags":[5755,5756],"class_list":["post-676036","post","type-post","status-publish","format-standard","has-post-thumbnail","hentry","category-deportes","tag-andersson-garcia","tag-el-nba-dominicano"],"_links":{"self":[{"href":"https:\/\/diariodominicano.com\/index.php?rest_route=\/wp\/v2\/posts\/676036","targetHints":{"allow":["GET"]}}],"collection":[{"href":"https:\/\/diariodominicano.com\/index.php?rest_route=\/wp\/v2\/posts"}],"about":[{"href":"https:\/\/diariodominicano.com\/index.php?rest_route=\/wp\/v2\/types\/post"}],"author":[{"embeddable":true,"href":"https:\/\/diariodominicano.com\/index.php?rest_route=\/wp\/v2\/users\/2"}],"replies":[{"embeddable":true,"href":"https:\/\/diariodominicano.com\/index.php?rest_route=%2Fwp%2Fv2%2Fcomments&post=676036"}],"version-history":[{"count":1,"href":"https:\/\/diariodominicano.com\/index.php?rest_route=\/wp\/v2\/posts\/676036\/revisions"}],"predecessor-version":[{"id":676038,"href":"https:\/\/diariodominicano.com\/index.php?rest_route=\/wp\/v2\/posts\/676036\/revisions\/676038"}],"wp:featuredmedia":[{"embeddable":true,"href":"https:\/\/diariodominicano.com\/index.php?rest_route=\/wp\/v2\/media\/676037"}],"wp:attachment":[{"href":"https:\/\/diariodominicano.com\/index.php?rest_route=%2Fwp%2Fv2%2Fmedia&parent=676036"}],"wp:term":[{"taxonomy":"category","embeddable":true,"href":"https:\/\/diariodominicano.com\/index.php?rest_route=%2Fwp%2Fv2%2Fcategories&post=676036"},{"taxonomy":"post_tag","embeddable":true,"href":"https:\/\/diariodominicano.com\/index.php?rest_route=%2Fwp%2Fv2%2Ftags&post=676036"}],"curies":[{"name":"wp","href":"https:\/\/api.w.org\/{rel}","templated":true}]}}