{"id":676030,"date":"2026-04-30T00:42:17","date_gmt":"2026-04-30T04:42:17","guid":{"rendered":"https:\/\/diariodominicano.com\/?p=676030"},"modified":"2026-04-30T00:44:53","modified_gmt":"2026-04-30T04:44:53","slug":"convocan-parada-por-la-libertad-de-nicolas-maduro-y-cilia-flores-y-contra-las-sanciones-economicas-a-venezuela","status":"publish","type":"post","link":"https:\/\/diariodominicano.com\/?p=676030","title":{"rendered":"Convocan Parada por la libertad de Nicol\u00e1s Maduro y Cilia Flores y contra las sanciones econ\u00f3micas a Venezuela"},"content":{"rendered":"\n<p><strong>Archivo: Nicol\u00e1s Maduro y Cilia Flores.<\/strong><\/p>\n\n\n\n<p>Santo Domingo, Rep\u00fablica Dominicana, 29 de abril de 2026.- Diversas organizaciones articuladas en el Comit\u00e9 de Solidaridad en Defensa de los Pueblos en Lucha convocaron a una Parada Solidaria por la libertad del presidente Nicol\u00e1s Maduro y la diputada y primera combatiente Cilia Flores, quienes, seg\u00fan denuncian, permanecen secuestrados tras la intervenci\u00f3n militar de Estados Unidos en la Rep\u00fablica Bolivariana de Venezuela.<\/p>\n\n\n\n<p>Se\u00f1alaron que la actividad se realizar\u00e1 el domingo 3 de mayo, a cuatro meses de la agresi\u00f3n militar y del secuestro del presidente Maduro y la diputada Flores, en el Parque Independencia. La jornada tendr\u00e1 lugar frente a la estatua del l\u00edder antiimperialista Francisco Alberto Caama\u00f1o De\u00f1\u00f3, s\u00edmbolo de la resistencia dominicana frente a la intervenci\u00f3n militar estadounidense del 28 de abril de 1965, de la cual se conmemoran 61 a\u00f1os.<\/p>\n\n\n\n<p>Informan que la convocatoria se enmarca como un acto de denuncia y memoria hist\u00f3rica que vincula la lucha del pueblo dominicano contra la ocupaci\u00f3n militar de 1965 con la situaci\u00f3n actual del pueblo venezolano. En ese sentido, los convocantes rechazan la intervenci\u00f3n militar de Estados Unidos en Venezuela, en la que afirman que, adem\u00e1s del denunciado secuestro, fueron martirizadas 121 personas, entre ellas 32 cubanas.<\/p>\n\n\n\n<p>Asimismo, destacaron que la Parada Solidaria se convoca en un contexto en el que el pueblo venezolano desarrolla la Gran Peregrinaci\u00f3n Nacional por una Venezuela sin sanciones y en paz, una movilizaci\u00f3n iniciada el 19 de abril y convocada por la presidenta encargada Delcy Rodr\u00edguez, con el objetivo de exigir el levantamiento de las sanciones econ\u00f3micas y fomentar la unidad nacional y la convivencia pac\u00edfica.<\/p>\n\n\n\n<p>Esta jornada ha convocado a diversos sectores de la sociedad venezolana, incluyendo amplios sectores de la oposici\u00f3n, consolid\u00e1ndose como una expresi\u00f3n de articulaci\u00f3n nacional frente a las medidas coercitivas que afectan al pa\u00eds.<\/p>\n\n\n\n<p>En este marco, la convocatoria en Santo Domingo busca fortalecer la solidaridad internacional en torno a la libertad de la pareja presidencial, denunciar las agresiones externas y exigir el respeto a la soberan\u00eda de los pueblos.<\/p>\n\n\n\n<p>Los organizadores hicieron un llamado a organizaciones sociales, movimientos populares, sectores solidarios y al pueblo dominicano en general a sumarse a esta jornada de denuncia, memoria y compromiso internacionalista.<\/p>\n\n\n\n<figure class=\"wp-block-image size-full\"><img loading=\"lazy\" decoding=\"async\" width=\"500\" height=\"500\" src=\"https:\/\/diariodominicano.com\/wp-content\/uploads\/2026\/04\/Comite-de-Solidaridad-000.png\" alt=\"\" class=\"wp-image-676032\" srcset=\"https:\/\/diariodominicano.com\/wp-content\/uploads\/2026\/04\/Comite-de-Solidaridad-000.png 500w, https:\/\/diariodominicano.com\/wp-content\/uploads\/2026\/04\/Comite-de-Solidaridad-000-300x300.png 300w, https:\/\/diariodominicano.com\/wp-content\/uploads\/2026\/04\/Comite-de-Solidaridad-000-150x150.png 150w, https:\/\/diariodominicano.com\/wp-content\/uploads\/2026\/04\/Comite-de-Solidaridad-000-88x88.png 88w\" sizes=\"auto, (max-width: 500px) 100vw, 500px\" \/><\/figure>\n\n\n\n<p>Agenda Solidaridad<\/p>\n\n\n\n<p><a target=\"_blank\" href=\"mailto:agendasolidaridad5@gmail.com\" rel=\"noreferrer noopener\">agendasolidaridad5@gmail.com<\/a><\/p>\n","protected":false},"excerpt":{"rendered":"<p>Archivo: Nicol\u00e1s Maduro y Cilia Flores. Santo Domingo, Rep\u00fablica Dominicana, 29 de abril de 2026.- Diversas organizaciones articuladas en el Comit\u00e9 de Solidaridad en Defensa de los Pueblos en Lucha convocaron a una Parada Solidaria por la libertad del presidente Nicol\u00e1s Maduro y la diputada y primera combatiente Cilia Flores, quienes, seg\u00fan denuncian, permanecen secuestrados [&hellip;]<\/p>\n","protected":false},"author":2,"featured_media":676031,"comment_status":"open","ping_status":"closed","sticky":false,"template":"","format":"standard","meta":{"footnotes":""},"categories":[36],"tags":[4344,3959],"class_list":["post-676030","post","type-post","status-publish","format-standard","has-post-thumbnail","hentry","category-hombresmujeresycosas","tag-cilia-flores","tag-nicolas-maduro"],"_links":{"self":[{"href":"https:\/\/diariodominicano.com\/index.php?rest_route=\/wp\/v2\/posts\/676030","targetHints":{"allow":["GET"]}}],"collection":[{"href":"https:\/\/diariodominicano.com\/index.php?rest_route=\/wp\/v2\/posts"}],"about":[{"href":"https:\/\/diariodominicano.com\/index.php?rest_route=\/wp\/v2\/types\/post"}],"author":[{"embeddable":true,"href":"https:\/\/diariodominicano.com\/index.php?rest_route=\/wp\/v2\/users\/2"}],"replies":[{"embeddable":true,"href":"https:\/\/diariodominicano.com\/index.php?rest_route=%2Fwp%2Fv2%2Fcomments&post=676030"}],"version-history":[{"count":2,"href":"https:\/\/diariodominicano.com\/index.php?rest_route=\/wp\/v2\/posts\/676030\/revisions"}],"predecessor-version":[{"id":676035,"href":"https:\/\/diariodominicano.com\/index.php?rest_route=\/wp\/v2\/posts\/676030\/revisions\/676035"}],"wp:featuredmedia":[{"embeddable":true,"href":"https:\/\/diariodominicano.com\/index.php?rest_route=\/wp\/v2\/media\/676031"}],"wp:attachment":[{"href":"https:\/\/diariodominicano.com\/index.php?rest_route=%2Fwp%2Fv2%2Fmedia&parent=676030"}],"wp:term":[{"taxonomy":"category","embeddable":true,"href":"https:\/\/diariodominicano.com\/index.php?rest_route=%2Fwp%2Fv2%2Fcategories&post=676030"},{"taxonomy":"post_tag","embeddable":true,"href":"https:\/\/diariodominicano.com\/index.php?rest_route=%2Fwp%2Fv2%2Ftags&post=676030"}],"curies":[{"name":"wp","href":"https:\/\/api.w.org\/{rel}","templated":true}]}}