{"id":676025,"date":"2026-04-30T00:26:32","date_gmt":"2026-04-30T04:26:32","guid":{"rendered":"https:\/\/diariodominicano.com\/?p=676025"},"modified":"2026-04-30T00:28:32","modified_gmt":"2026-04-30T04:28:32","slug":"coe-coloca-26-provincias-incluido-el-distrito-nacional-en-alerta-por-acumulados-de-lluvias","status":"publish","type":"post","link":"https:\/\/diariodominicano.com\/?p=676025","title":{"rendered":"COE coloca 26 provincias, incluido el Distrito Nacional, en alerta por acumulados de lluvias"},"content":{"rendered":"\n<p>Santo Domingo, RD, El COE coloc\u00f3 el mi\u00e9rcoles 04 provincias en alerta roja, mantiene 13 y el Distrito Nacional en alerta amarilla y 08 en verde, debido a que el INDOMET y  el INDRHI, han establecido  que por la incidencia de una vaguada asociada a un sistema frontal, se prev\u00e9 que durante la tarde y la noche se registren acumulados de lluvias significativos.<\/p>\n\n\n\n<p>En alerta roja<img decoding=\"async\" alt=\"\ud83d\udd34\" src=\"https:\/\/fonts.gstatic.com\/s\/e\/notoemoji\/17.0\/1f534\/32.png\">est\u00e1n:<\/p>\n\n\n\n<p>Monte Cristi<br>Valverde<br>Santiago Rodr\u00edguez<br>Puerto Plata<\/p>\n\n\n\n<p>En alerta amarilla&nbsp;<img decoding=\"async\" alt=\"\ud83d\udfe1\" src=\"https:\/\/fonts.gstatic.com\/s\/e\/notoemoji\/17.0\/1f7e1\/32.png\">est\u00e1n:<\/p>\n\n\n\n<p>Mar\u00eda Trinidad S\u00e1nchez<br>Santiago<br>Duarte (en especial el Bajo Yuna)<br>San Crist\u00f3bal<br>Hermanas Mirabal<br>Hato Mayor<br>Distrito Nacional &nbsp;<br>Monse\u00f1or Nouel<br>La Vega<br>S\u00e1nchez Ram\u00edrez<br>Espaillat<br>Saman\u00e1 &nbsp;<br>Santo Domingo<br>San Jos\u00e9 de Ocoa<\/p>\n\n\n\n<p>En alerta verde\u00a0est\u00e1n; <img decoding=\"async\" src=\"https:\/\/fonts.gstatic.com\/s\/e\/notoemoji\/17.0\/1f7e2\/32.png\" alt=\"\ud83d\udfe2\">:<\/p>\n\n\n\n<p>Monte Plata<br>Peravia<br>San Pedro de Macor\u00eds<br>San Juan<br>La Altagracia<br>Dajab\u00f3n<br>El Seibo y la <br>La Romana<\/p>\n\n\n\n<p>El COE recomienda a \u00a0las personas abstenerse de cruzar r\u00edos, arroyos y ca\u00f1adas que presenten alto vol\u00famenes de agua y no hacer uso de balnearios en las provincias bajo alerta, inform\u00f3 <strong>Jos\u00e9 Luis\u00a0Germ\u00e1n<\/strong>,  Sub-director de  Comunicaciones e\u00a0Informaci\u00f3n\u00a0Digital|, Divisi\u00f3n\u00a0de\u00a0Planificaci\u00f3n\u00a0Operativa <strong><a href=\"http:\/\/www.coe.gob.do\/\" target=\"_blank\" rel=\"noreferrer noopener\">Centro de Operaciones de Emergencias<\/a><\/strong>.<\/p>\n","protected":false},"excerpt":{"rendered":"<p>Santo Domingo, RD, El COE coloc\u00f3 el mi\u00e9rcoles 04 provincias en alerta roja, mantiene 13 y el Distrito Nacional en alerta amarilla y 08 en verde, debido a que el INDOMET y el INDRHI, han establecido que por la incidencia de una vaguada asociada a un sistema frontal, se prev\u00e9 que durante la tarde y [&hellip;]<\/p>\n","protected":false},"author":2,"featured_media":676026,"comment_status":"open","ping_status":"closed","sticky":false,"template":"","format":"standard","meta":{"footnotes":""},"categories":[20,27],"tags":[5754,1658],"class_list":["post-676025","post","type-post","status-publish","format-standard","has-post-thumbnail","hentry","category-dominicana-hoy","category-portada","tag-26-provincias-en-alerta-po-lluvias","tag-coe"],"_links":{"self":[{"href":"https:\/\/diariodominicano.com\/index.php?rest_route=\/wp\/v2\/posts\/676025","targetHints":{"allow":["GET"]}}],"collection":[{"href":"https:\/\/diariodominicano.com\/index.php?rest_route=\/wp\/v2\/posts"}],"about":[{"href":"https:\/\/diariodominicano.com\/index.php?rest_route=\/wp\/v2\/types\/post"}],"author":[{"embeddable":true,"href":"https:\/\/diariodominicano.com\/index.php?rest_route=\/wp\/v2\/users\/2"}],"replies":[{"embeddable":true,"href":"https:\/\/diariodominicano.com\/index.php?rest_route=%2Fwp%2Fv2%2Fcomments&post=676025"}],"version-history":[{"count":2,"href":"https:\/\/diariodominicano.com\/index.php?rest_route=\/wp\/v2\/posts\/676025\/revisions"}],"predecessor-version":[{"id":676029,"href":"https:\/\/diariodominicano.com\/index.php?rest_route=\/wp\/v2\/posts\/676025\/revisions\/676029"}],"wp:featuredmedia":[{"embeddable":true,"href":"https:\/\/diariodominicano.com\/index.php?rest_route=\/wp\/v2\/media\/676026"}],"wp:attachment":[{"href":"https:\/\/diariodominicano.com\/index.php?rest_route=%2Fwp%2Fv2%2Fmedia&parent=676025"}],"wp:term":[{"taxonomy":"category","embeddable":true,"href":"https:\/\/diariodominicano.com\/index.php?rest_route=%2Fwp%2Fv2%2Fcategories&post=676025"},{"taxonomy":"post_tag","embeddable":true,"href":"https:\/\/diariodominicano.com\/index.php?rest_route=%2Fwp%2Fv2%2Ftags&post=676025"}],"curies":[{"name":"wp","href":"https:\/\/api.w.org\/{rel}","templated":true}]}}