{"id":676005,"date":"2026-04-29T19:27:35","date_gmt":"2026-04-29T23:27:35","guid":{"rendered":"https:\/\/diariodominicano.com\/?p=676005"},"modified":"2026-04-29T19:27:37","modified_gmt":"2026-04-29T23:27:37","slug":"luis-el-gallo-pide-privilegiar-el-dialogo-y-rechazar-los-paros","status":"publish","type":"post","link":"https:\/\/diariodominicano.com\/?p=676005","title":{"rendered":"Luis \u201cEl Gallo\u201d pide privilegiar el di\u00e1logo y rechazar los paros"},"content":{"rendered":"\n<p>El presidente de la Uni\u00f3n Dem\u00f3crata Cristiana \u2013UDC-, Luis Acosta Moreta, Luis \u201cEl Gallo\u201d,&nbsp; dijo hoy que en el pa\u00eds se debe privilegiar el di\u00e1logo y el consenso y no los paros que dan pie al desorden.<\/p>\n\n\n\n<p>Destac\u00f3 que el presidente Luis Abinader est\u00e1 trabajando para mejorar las condiciones de vida de los dominicanos, por lo que no se justifican paros que ponen en peligro la tranquilidad nacional.<\/p>\n\n\n\n<p>A\u00f1adi\u00f3 que en todo momento el presidente Abinader ha estado llamando al di\u00e1logo y a buscar soluciones conjuntas, lo que debe ser sopesado por los organizadores de los paros.<\/p>\n\n\n\n<p>Afirm\u00f3 que si bien existe el derecho a la protesta, acciones de este tipo no se justifican cuando desde el gobierno se abre las puertas a los entendimientos&nbsp; y en encontrar soluciones de conjunto.<\/p>\n\n\n\n<p>Expres\u00f3 que es cierto que han sido aumentados&nbsp; muchos art\u00edculos de primera necesidad y servicios, pero el gobierno siempre mantiene una l\u00ednea de control para evitar que se desborde el agiotismo y la especulaci\u00f3n.<\/p>\n\n\n\n<p>Adem\u00e1s, hay situaciones sufridas localmente que se padecen debido a crisis en la geopol\u00edtica como son las guerras de los Estados Unidos e Israel contra Ir\u00e1n y la&nbsp; de&nbsp; Ucrania y Rusia.<\/p>\n\n\n\n<p>Aclar\u00f3 que a nivel mundial han subido los precios del petr\u00f3leo, lo que hace que a nivel local haya una revaloraci\u00f3n del valor&nbsp; del gal\u00f3n de&nbsp; la gasolina, el gasoil y el Gas Licuado de Petr\u00f3leo, entre otros.<\/p>\n\n\n\n<p>Pero en el pa\u00eds, el gobierno mantiene los subsidios de los combustibles, haciendo posible que por lo menos en las \u00faltimas dos semanas no fueran reajustados.<\/p>\n\n\n\n<p>Llam\u00f3 a las organizaciones programadoras de paros de labores a que escuchen el llamado a di\u00e1logo del gobierno y juntos encuentren soluciones a los males que enfrenta el pa\u00eds, ya que nunca se debe privilegiar la quema de gomas y el lanzamiento de piedras.<\/p>\n\n\n\n<p>La Peque <a href=\"mailto:pruky72@gmail.com\">pruky72@gmail.com<\/a><\/p>\n","protected":false},"excerpt":{"rendered":"<p>El presidente de la Uni\u00f3n Dem\u00f3crata Cristiana \u2013UDC-, Luis Acosta Moreta, Luis \u201cEl Gallo\u201d,&nbsp; dijo hoy que en el pa\u00eds se debe privilegiar el di\u00e1logo y el consenso y no los paros que dan pie al desorden. Destac\u00f3 que el presidente Luis Abinader est\u00e1 trabajando para mejorar las condiciones de vida de los dominicanos, por [&hellip;]<\/p>\n","protected":false},"author":7,"featured_media":676023,"comment_status":"closed","ping_status":"closed","sticky":false,"template":"","format":"standard","meta":{"footnotes":""},"categories":[19],"tags":[114],"class_list":["post-676005","post","type-post","status-publish","format-standard","has-post-thumbnail","hentry","category-mi-voz","tag-luis-el-gallo"],"_links":{"self":[{"href":"https:\/\/diariodominicano.com\/index.php?rest_route=\/wp\/v2\/posts\/676005","targetHints":{"allow":["GET"]}}],"collection":[{"href":"https:\/\/diariodominicano.com\/index.php?rest_route=\/wp\/v2\/posts"}],"about":[{"href":"https:\/\/diariodominicano.com\/index.php?rest_route=\/wp\/v2\/types\/post"}],"author":[{"embeddable":true,"href":"https:\/\/diariodominicano.com\/index.php?rest_route=\/wp\/v2\/users\/7"}],"replies":[{"embeddable":true,"href":"https:\/\/diariodominicano.com\/index.php?rest_route=%2Fwp%2Fv2%2Fcomments&post=676005"}],"version-history":[{"count":1,"href":"https:\/\/diariodominicano.com\/index.php?rest_route=\/wp\/v2\/posts\/676005\/revisions"}],"predecessor-version":[{"id":676024,"href":"https:\/\/diariodominicano.com\/index.php?rest_route=\/wp\/v2\/posts\/676005\/revisions\/676024"}],"wp:featuredmedia":[{"embeddable":true,"href":"https:\/\/diariodominicano.com\/index.php?rest_route=\/wp\/v2\/media\/676023"}],"wp:attachment":[{"href":"https:\/\/diariodominicano.com\/index.php?rest_route=%2Fwp%2Fv2%2Fmedia&parent=676005"}],"wp:term":[{"taxonomy":"category","embeddable":true,"href":"https:\/\/diariodominicano.com\/index.php?rest_route=%2Fwp%2Fv2%2Fcategories&post=676005"},{"taxonomy":"post_tag","embeddable":true,"href":"https:\/\/diariodominicano.com\/index.php?rest_route=%2Fwp%2Fv2%2Ftags&post=676005"}],"curies":[{"name":"wp","href":"https:\/\/api.w.org\/{rel}","templated":true}]}}