{"id":676001,"date":"2026-04-29T17:46:39","date_gmt":"2026-04-29T21:46:39","guid":{"rendered":"https:\/\/diariodominicano.com\/?p=676001"},"modified":"2026-04-29T17:46:51","modified_gmt":"2026-04-29T21:46:51","slug":"leon-xiv-expreso-su-pesame-y-preocupacion-por-atentados-en-colombia","status":"publish","type":"post","link":"https:\/\/diariodominicano.com\/?p=676001","title":{"rendered":"Le\u00f3n XIV expres\u00f3 su p\u00e9same y preocupaci\u00f3n por atentados en Colombia"},"content":{"rendered":"\n<p>Ciudad del Vaticano, 29 abr (Prensa Latina) El papa Le\u00f3n XIV expres\u00f3 hoy sus condolencias por las v\u00edctimas de recientes atentados ocurridos en Colombia, y manifest\u00f3 consternaci\u00f3n ante esos hechos que enlutan por estos d\u00edas a esa naci\u00f3n latinoamericana.<\/p>\n\n\n\n<ul class=\"wp-block-list\">\n<li><a href=\"https:\/\/www.prensa-latina.cu\/2026\/04\/29\/\"><time>abril 29, 2026 | 08:20<\/time><\/a><\/li>\n<\/ul>\n\n\n\n<ul class=\"wp-block-list\">\n<li><a href=\"https:\/\/www.prensa-latina.cu\/2026\/04\/29\/leon-xiv-expreso-su-pesame-y-preocupacion-por-atentados-en-colombia\/#\"><\/a><\/li>\n\n\n\n<li><a href=\"https:\/\/www.prensa-latina.cu\/2026\/04\/29\/leon-xiv-expreso-su-pesame-y-preocupacion-por-atentados-en-colombia\/#\"><\/a><\/li>\n\n\n\n<li><a href=\"https:\/\/www.prensa-latina.cu\/2026\/04\/29\/leon-xiv-expreso-su-pesame-y-preocupacion-por-atentados-en-colombia\/#\"><\/a><\/li>\n\n\n\n<li><a href=\"https:\/\/www.prensa-latina.cu\/2026\/04\/29\/leon-xiv-expreso-su-pesame-y-preocupacion-por-atentados-en-colombia\/#\"><\/a><\/li>\n<\/ul>\n\n\n\n<p>\u201cCon dolor y preocupaci\u00f3n me enter\u00e9 de la tr\u00e1gica situaci\u00f3n de violencia que azota la regi\u00f3n suroeste de Colombia, causando graves p\u00e9rdidas de vidas\u201d, se\u00f1al\u00f3 el sumo pont\u00edfice ante miles de personas congregadas en la Plaza de San Pedro, durante la audiencia general que inici\u00f3 este mi\u00e9rcoles a las 10:00 hora local.<\/p>\n\n\n\n<p>El Obispo de Roma record\u00f3 a todos los civiles afectados por la masacre ocurrida en esa naci\u00f3n sudamericana el pasado s\u00e1bado 25 de abril, un ataque atribuido al Estado Mayor Central (EMC), facci\u00f3n disidente de las Fuerzas Armadas Revolucionarias de Colombia (FARC), con un saldo de veinte muertos y unos 36 heridos.<\/p>\n\n\n\n<p>En la nota, publicada en el sitio digital del diario Vatican News, se se\u00f1ala que supuestos efectivos del EMC, lanzaron un cilindro cargado de explosivos contra un autob\u00fas en el municipio de Cajib\u00edo, en el suroeste del pa\u00eds, en la zona rural del Cauca, y causaron la muerte de quince mujeres y cinco hombres.<\/p>\n\n\n\n<p>El presidente de Colombia, Gustavo Petro, calific\u00f3 de terroristas, fascistas y narcotraficantes a los autores de esos hechos y demand\u00f3 \u201cla m\u00e1xima persecuci\u00f3n mundial contra este grupo narcoterrorista\u201d, as\u00ed como \u201ca los mejores soldados para enfrentarlos\u201d, porque \u201cquiero que el pueblo caucano se libere de esta mafia, detritus de la violencia\u201d<\/p>\n\n\n\n<p>La nueva escalada violenta se agudiz\u00f3 desde el pasado viernes, con un atentado registrado frente a la sede de la Tercera Brigada del Ej\u00e9rcito Nacional en el Cant\u00f3n Militar Pichincha, en el sur de Cali, capital de Valle del Cauca.<\/p>\n\n\n\n<p>Tras el sangriento suceso del s\u00e1bado, en la noche del lunes \u00faltimo hombres armados incineraron tres veh\u00edculos en el poblado de Dagua, ubicado en la v\u00eda que conecta a las ciudades de Cali y Buenaventura, mientras que la v\u00edspera ocurri\u00f3 un nuevo atentado en la zona rural de Santander de Quilichao, en el norte del Cauca.<\/p>\n\n\n\n<p>\u201cExpreso mi cercan\u00eda en oraci\u00f3n a las v\u00edctimas y sus familias, e insto a todos a rechazar toda forma de violencia y a elegir con firmeza el camino de la paz\u201d, dijo el Santo Padre al referirse a esos hechos, que tienen poco antes de las elecciones presidenciales colombianas, previstas para el pr\u00f3ximo 31 de mayo.<\/p>\n\n\n\n<p>ft\/ort<\/p>\n\n\n\n<ul class=\"wp-block-list\">\n<li>#<a href=\"https:\/\/www.prensa-latina.cu\/etiqueta\/atentados\/\">atentados<\/a>\u00a0#<a href=\"https:\/\/www.prensa-latina.cu\/etiqueta\/colombia\/\">colombia<\/a>\u00a0#<a href=\"https:\/\/www.prensa-latina.cu\/etiqueta\/petro\/\">petro<\/a>\u00a0#<a href=\"https:\/\/www.prensa-latina.cu\/etiqueta\/vaticano\/\">vaticano<\/a><\/li>\n<\/ul>\n","protected":false},"excerpt":{"rendered":"<p>Ciudad del Vaticano, 29 abr (Prensa Latina) El papa Le\u00f3n XIV expres\u00f3 hoy sus condolencias por las v\u00edctimas de recientes atentados ocurridos en Colombia, y manifest\u00f3 consternaci\u00f3n ante esos hechos que enlutan por estos d\u00edas a esa naci\u00f3n latinoamericana. \u201cCon dolor y preocupaci\u00f3n me enter\u00e9 de la tr\u00e1gica situaci\u00f3n de violencia que azota la regi\u00f3n [&hellip;]<\/p>\n","protected":false},"author":2,"featured_media":676002,"comment_status":"open","ping_status":"closed","sticky":false,"template":"","format":"standard","meta":{"footnotes":""},"categories":[36,23,27],"tags":[3645],"class_list":["post-676001","post","type-post","status-publish","format-standard","has-post-thumbnail","hentry","category-hombresmujeresycosas","category-internacional","category-portada","tag-leon-xiv"],"_links":{"self":[{"href":"https:\/\/diariodominicano.com\/index.php?rest_route=\/wp\/v2\/posts\/676001","targetHints":{"allow":["GET"]}}],"collection":[{"href":"https:\/\/diariodominicano.com\/index.php?rest_route=\/wp\/v2\/posts"}],"about":[{"href":"https:\/\/diariodominicano.com\/index.php?rest_route=\/wp\/v2\/types\/post"}],"author":[{"embeddable":true,"href":"https:\/\/diariodominicano.com\/index.php?rest_route=\/wp\/v2\/users\/2"}],"replies":[{"embeddable":true,"href":"https:\/\/diariodominicano.com\/index.php?rest_route=%2Fwp%2Fv2%2Fcomments&post=676001"}],"version-history":[{"count":1,"href":"https:\/\/diariodominicano.com\/index.php?rest_route=\/wp\/v2\/posts\/676001\/revisions"}],"predecessor-version":[{"id":676003,"href":"https:\/\/diariodominicano.com\/index.php?rest_route=\/wp\/v2\/posts\/676001\/revisions\/676003"}],"wp:featuredmedia":[{"embeddable":true,"href":"https:\/\/diariodominicano.com\/index.php?rest_route=\/wp\/v2\/media\/676002"}],"wp:attachment":[{"href":"https:\/\/diariodominicano.com\/index.php?rest_route=%2Fwp%2Fv2%2Fmedia&parent=676001"}],"wp:term":[{"taxonomy":"category","embeddable":true,"href":"https:\/\/diariodominicano.com\/index.php?rest_route=%2Fwp%2Fv2%2Fcategories&post=676001"},{"taxonomy":"post_tag","embeddable":true,"href":"https:\/\/diariodominicano.com\/index.php?rest_route=%2Fwp%2Fv2%2Ftags&post=676001"}],"curies":[{"name":"wp","href":"https:\/\/api.w.org\/{rel}","templated":true}]}}