{"id":675960,"date":"2026-04-29T16:59:56","date_gmt":"2026-04-29T20:59:56","guid":{"rendered":"https:\/\/diariodominicano.com\/?p=675960"},"modified":"2026-04-29T17:05:14","modified_gmt":"2026-04-29T21:05:14","slug":"bcrd-realiza-el-acto-de-premiacion-de-suxiii-competencia-academica-economistas-del-futuro","status":"publish","type":"post","link":"https:\/\/diariodominicano.com\/?p=675960","title":{"rendered":"BCRD realiza el acto de premiaci\u00f3n de su XIII competencia acad\u00e9mica \u201cEconomistas del Futuro\u201d"},"content":{"rendered":"\n<p>H\u00e9ctor Valdez Albizu<\/p>\n\n\n\n<p><em>En las trece versiones celebradas han participado 497 centros educativos p\u00fablicos y privados alcanzando un total de 1,491 estudiantes<\/em><\/p>\n\n\n\n<p><strong>Santo Domingo. Rep\u00fablica Dominicana. &#8211; <\/strong>El gobernador del Banco Central de la Rep\u00fablica Dominicana (BCRD), H\u00e9ctor Valdez Albizu, presidi\u00f3 la ceremonia de entrega de premios correspondiente a la XIII competencia acad\u00e9mica \u201cEconomistas del Futuro\u201d, auspiciada por la instituci\u00f3n monetaria, un certamen en el que anualmente estudiantes de \u00faltimo a\u00f1o de secundaria participan en representaci\u00f3n de sus centros educativos, para presentar sus trabajos sobre un tema de econom\u00eda o finanzas, los cuales son evaluados por un jurado calificador, hasta llegar a una fase final de exposici\u00f3n.<\/p>\n\n\n\n<p>Esta competencia acad\u00e9mica forma parte del programa de responsabilidad social institucional Aula Central para la educaci\u00f3n econ\u00f3mica y financiera del BCRD, siendo su fin despertar la sensibilidad y curiosidad en estas \u00e1reas sobre quienes se integrar\u00e1n en un futuro pr\u00f3ximo en la educaci\u00f3n superior, y sucesivamente, en el mercado laboral que contribuye al desarrollo econ\u00f3mico de nuestra sociedad.<\/p>\n\n\n\n<p>En esta edici\u00f3n, los estudiantes desarrollaron en sus trabajos el tema \u201cEstudiar para crecer: \u00bfC\u00f3mo la educaci\u00f3n impulsa el desarrollo econ\u00f3mico?\u201d<\/p>\n\n\n\n<figure class=\"wp-block-image size-large\"><img loading=\"lazy\" decoding=\"async\" width=\"1024\" height=\"682\" src=\"https:\/\/diariodominicano.com\/wp-content\/uploads\/2026\/04\/Hector-Valdez-con-premiados-2904IMG-20260429-WA0029-1-1024x682.jpg\" alt=\"\" class=\"wp-image-675971\" srcset=\"https:\/\/diariodominicano.com\/wp-content\/uploads\/2026\/04\/Hector-Valdez-con-premiados-2904IMG-20260429-WA0029-1-1024x682.jpg 1024w, https:\/\/diariodominicano.com\/wp-content\/uploads\/2026\/04\/Hector-Valdez-con-premiados-2904IMG-20260429-WA0029-1-300x200.jpg 300w, https:\/\/diariodominicano.com\/wp-content\/uploads\/2026\/04\/Hector-Valdez-con-premiados-2904IMG-20260429-WA0029-1-768x512.jpg 768w, https:\/\/diariodominicano.com\/wp-content\/uploads\/2026\/04\/Hector-Valdez-con-premiados-2904IMG-20260429-WA0029-1-816x544.jpg 816w, https:\/\/diariodominicano.com\/wp-content\/uploads\/2026\/04\/Hector-Valdez-con-premiados-2904IMG-20260429-WA0029-1.jpg 1280w\" sizes=\"auto, (max-width: 1024px) 100vw, 1024px\" \/><\/figure>\n\n\n\n<p>Valdez Albizu se\u00f1al\u00f3 en la ceremonia de clausura que \u201cla convocatoria de este a\u00f1o me report\u00f3 una especial satisfacci\u00f3n al recibir el total m\u00e1s alto de trabajos presentados en esta competencia, sumando 62 propuestas, con lo cual alcanzamos un total de 1,491 estudiantes que en trece versiones han representado a 497 centros educativos p\u00fablicos y privados de todo el pa\u00eds\u201d.<\/p>\n\n\n\n<p>El gobernador destac\u00f3, adem\u00e1s, que \u201ceste a\u00f1o la balanza indica que cada vez son m\u00e1s los equipos procedentes de centros p\u00fablicos y, a su vez, tambi\u00e9n se incrementaron los equipos procedentes de localidades provinciales, lo que, de por s\u00ed, para m\u00ed significa un gran logro de esta competencia, y un paso en firme para seguir impulsando la inclusi\u00f3n financiera a trav\u00e9s de la educaci\u00f3n\u201d.<\/p>\n\n\n\n<p>Asimismo, expres\u00f3 que \u201cla educaci\u00f3n econ\u00f3mica y financiera no debe discriminar entre capas sociales, entre entornos urbanos o rurales, entre financiaci\u00f3n p\u00fablica o privada, ni siquiera entre distancias. Se trata de un activo comunitario que, en este caso, otorga m\u00e1s oportunidades de alcanzar el beneficio social, el acceso igualitario al sistema financiero y a la calidad de vida\u201d.<\/p>\n\n\n\n<p><strong><br>Premiaci\u00f3n del concurso<\/strong><\/p>\n\n\n\n<p>En esta 13ra convocatoria, el jurado evaluador seleccion\u00f3 15 finalistas de las provincias: Distrito Nacional, Santo Domingo Este, Santo Domingo Oeste, Santiago de los Caballeros, Espaillat, La Vega, Duarte, Hermanas Mirabal, Saman\u00e1, Valverde Mao, La Altagracia, San Pedro de Macoris, La Romana, San Cristobal, San Jos\u00e9 de Ocoa, Azua y San Juan de la Maguana.<\/p>\n\n\n\n<p>El primer lugar correspondi\u00f3 al Instituto Salesiano Don Bosco, con un equipo de estudiantes compuesto por Diego Jos\u00e9 Guzm\u00e1n Gonz\u00e1lez, Jes\u00fas Amin Encarnaci\u00f3n, Crisbeth Sarai Rodr\u00edguez Jim\u00e9nez, orientados por el profesor Cleison Veriguete, quienes recibieron un MacBook 13 Pro cada uno y el docente RD$ 50,000.00<\/p>\n\n\n\n<p>El segundo lugar fue para el Colegio San Judas Tadeo, con un equipo de estudiantes integrado por Jes\u00fas Geraldo Mart\u00ednez B\u00e1ez, H\u00e9ctor Antonio Rosario P\u00e9rez, Julio Antonio P\u00e9rez Rodr\u00edguez, siendo la asesora Josefa del Toro G\u00f3mez, quienes recibieron in iPad Pro cada uno y RD$ 45,000 para el docente.<\/p>\n\n\n\n<p>El tercer premio se otorg\u00f3 a Internacional School of Santo Domingo, con un equipo de estudiantes integrado por Mia Isabella Reyes Defrank, Daniel Richi Pierre Paulino, Joe Roberto Ortiz Peralta, siendo el profesor Marcos Antonio D\u00edaz, que recibieron cada uno in iPad mini, y para el docente RD$ 40,000.<\/p>\n\n\n\n<p>Y el Colegio Triumphare result\u00f3 ganador de una menci\u00f3n de honor, con un equipo compuesto por los estudiantes L\u00eda Camila Collado V\u00e1squez, Ana Balbina Echavarr\u00eda Acosta y Jos\u00e9 Ernesto del Orbe Rubirosa, orientados por el profesor F\u00e9lix Fern\u00e1ndez.<\/p>\n\n\n\n<p>Las palabras en nombre de los miembros del jurado fueron pronunciadas por Patricia P\u00e9rez, consultora econ\u00f3mica del BCRD, quien destac\u00f3 la notable calidad en los trabajos y las presentaciones, asi como tambi\u00e9n la profundidad de las investigaciones y la creatividad de las propuestas. Adem\u00e1s de la se\u00f1ora P\u00e9rez, el equipo evaluador estuvo integrado por Carlos Delgado, director de Regulaci\u00f3n y Estabilidad Financiera; Elina Rosario, directora de Cuentas Nacionales; \u00c1ngel Gonz\u00e1lez, director de Sistema de Pagos; y los consultores econ\u00f3micos Alexander Medina e Ian Abud.<\/p>\n\n\n\n<p>De su lado el joven Jes\u00fas Amin Encarnaci\u00f3n, del Don Bosco, dio las gracias en nombre de todos los participantes destacando la importancia de este tipo de certamen para el futuro de los j\u00f3venes estudiantes.<\/p>\n\n\n\n<p>La lista de colegios finalistas la completaron el Centro Educativo Quisqueya de Santiago; Colegio Jaime Molina Mota; CUDENI Comunidad Educativa; Instituto Iberia; Instituto Polit\u00e9cnico del Noroeste Jos\u00e9 Francisco Pe\u00f1a G\u00f3mez; Polit\u00e9cnico Jos\u00e9 N\u00fa\u00f1ez de C\u00e1ceres; Polit\u00e9cnico Profesora Gloria Mar\u00eda Calca\u00f1o; Polit\u00e9cnico Juan Pablo II Fe y Alegr\u00eda; Polit\u00e9cnico Mercedes Mar\u00eda Lazala Mej\u00eda; Polit\u00e9cnico Nuestra Se\u00f1ora de la Altagracia y Polit\u00e9cnico Salesiano Padre Bartolom\u00e9.<\/p>\n\n\n\n<p>Junto al gobernador estuvieron presentes la vicegobernadora, Clarissa de la Rocha de Torres; el gerente, Ervin Novas Bello; el subgerente de Pol\u00edticas Monetaria, Cambiaria y Financiera, Joel Tejeda; la subgerente de Operaciones, Liselotte Reyes; la subgerente Administrativo y de Servicios, Shantal Zuleta; el asesor econ\u00f3mico de la Gobernaci\u00f3n, Julio And\u00fajar; entre otros colaboradores del Banco Central, junto a los padres, familiares y directores de los centros educativos p\u00fablicos y privados finalistas de la competencia.<\/p>\n\n\n\n<p><strong>Mi\u00e9rcoles 29 de abril, 2026<\/strong><\/p>\n","protected":false},"excerpt":{"rendered":"<p>H\u00e9ctor Valdez Albizu En las trece versiones celebradas han participado 497 centros educativos p\u00fablicos y privados alcanzando un total de 1,491 estudiantes Santo Domingo. Rep\u00fablica Dominicana. &#8211; El gobernador del Banco Central de la Rep\u00fablica Dominicana (BCRD), H\u00e9ctor Valdez Albizu, presidi\u00f3 la ceremonia de entrega de premios correspondiente a la XIII competencia acad\u00e9mica \u201cEconomistas del [&hellip;]<\/p>\n","protected":false},"author":2,"featured_media":675963,"comment_status":"open","ping_status":"closed","sticky":false,"template":"","format":"standard","meta":{"footnotes":""},"categories":[18,27],"tags":[5747,524],"class_list":["post-675960","post","type-post","status-publish","format-standard","has-post-thumbnail","hentry","category-economia","category-portada","tag-bcrd-realiza-el-acto-de-premiacion-de-su-xiii-competencia-academica-economistas-del-futuro","tag-hector-valdez-albizu"],"_links":{"self":[{"href":"https:\/\/diariodominicano.com\/index.php?rest_route=\/wp\/v2\/posts\/675960","targetHints":{"allow":["GET"]}}],"collection":[{"href":"https:\/\/diariodominicano.com\/index.php?rest_route=\/wp\/v2\/posts"}],"about":[{"href":"https:\/\/diariodominicano.com\/index.php?rest_route=\/wp\/v2\/types\/post"}],"author":[{"embeddable":true,"href":"https:\/\/diariodominicano.com\/index.php?rest_route=\/wp\/v2\/users\/2"}],"replies":[{"embeddable":true,"href":"https:\/\/diariodominicano.com\/index.php?rest_route=%2Fwp%2Fv2%2Fcomments&post=675960"}],"version-history":[{"count":4,"href":"https:\/\/diariodominicano.com\/index.php?rest_route=\/wp\/v2\/posts\/675960\/revisions"}],"predecessor-version":[{"id":675972,"href":"https:\/\/diariodominicano.com\/index.php?rest_route=\/wp\/v2\/posts\/675960\/revisions\/675972"}],"wp:featuredmedia":[{"embeddable":true,"href":"https:\/\/diariodominicano.com\/index.php?rest_route=\/wp\/v2\/media\/675963"}],"wp:attachment":[{"href":"https:\/\/diariodominicano.com\/index.php?rest_route=%2Fwp%2Fv2%2Fmedia&parent=675960"}],"wp:term":[{"taxonomy":"category","embeddable":true,"href":"https:\/\/diariodominicano.com\/index.php?rest_route=%2Fwp%2Fv2%2Fcategories&post=675960"},{"taxonomy":"post_tag","embeddable":true,"href":"https:\/\/diariodominicano.com\/index.php?rest_route=%2Fwp%2Fv2%2Ftags&post=675960"}],"curies":[{"name":"wp","href":"https:\/\/api.w.org\/{rel}","templated":true}]}}